{"id":6591,"date":"2019-12-12T15:18:01","date_gmt":"2019-12-12T19:18:01","guid":{"rendered":"https:\/\/chrs.dev.uqam.ca\/?p=6591"},"modified":"2019-12-12T15:25:51","modified_gmt":"2019-12-12T19:25:51","slug":"andreanne-lebrun-participe-a-la-serie-les-grandes-idees-du-20e-siecle-animee-par-normand-baillargeon","status":"publish","type":"post","link":"https:\/\/chrs.uqam.ca\/index.php\/2019\/12\/12\/andreanne-lebrun-participe-a-la-serie-les-grandes-idees-du-20e-siecle-animee-par-normand-baillargeon\/","title":{"rendered":"Andr\u00e9anne LeBrun participe \u00e0 la s\u00e9rie <em> Les Grandes id\u00e9es du 20e si\u00e8cle <\/em> anim\u00e9e par Normand Baillargeon"},"content":{"rendered":"\n<p>Le 30 octobre dernier, <a href=\"https:\/\/chrs.uqam.ca\/index.php\/a-propos\/equipe\/membres-etudiants\/andreanne-lebrun\/\" target=\"_blank\" rel=\"noreferrer noopener\" aria-label=\"Andr\u00e9anne LeBrun (s\u2019ouvre dans un nouvel onglet)\">Andr\u00e9anne LeBrun<\/a>, doctorante en histoire et membre \u00e9tudiante du CHRS, \u00e9tait invit\u00e9e \u00e0 l\u2019\u00e9pisode <em>L\u2019\u00e9cole pour tous, un id\u00e9al de d\u00e9mocratisation de l\u2019\u00e9ducation<\/em> diffus\u00e9 sur ICI Premi\u00e8re. <\/p>\n\n\n\n<p>Cette \u00e9mission explorait la naissance du concept de l\u2019\u00e9cole pour tous dans le cadre de la s\u00e9rie <em>Les Grandes id\u00e9es du 20e si\u00e8cle<\/em> anim\u00e9e par Normand Baillargeon sur la Premi\u00e8re cha\u00eene de Radio-Canada. Andr\u00e9anne y abordait les racines historiques des id\u00e9es de d\u00e9mocratisation scolaire et d\u2019\u00e9galit\u00e9 des chances au Qu\u00e9bec, mais aussi les tenants plus actuels de ces enjeux cruciaux. <\/p>\n\n\n\n<p>Pour \u00e9couter cet \u00e9pisode, c&rsquo;est ici : <a href=\"https:\/\/ici.radio-canada.ca\/premiere\/emissions\/les-grandes-idees-du-20e-siecle\/segments\/entrevue\/140153\/ecole-education-democratie-publique-privee-commission-parent-etat-normand-baillargeon\">https:\/\/ici.radio-canada.ca\/premiere\/emissions\/les-grandes-idees-du-20e-siecle\/segments\/entrevue\/140153\/ecole-education-democratie-publique-privee-commission-parent-etat-normand-baillargeon<\/a><\/p>\n","protected":false},"excerpt":{"rendered":"<p>Le 30 octobre dernier, Andr\u00e9anne LeBrun, doctorante en histoire et membre \u00e9tudiante du CHRS, \u00e9tait invit\u00e9e \u00e0 l\u2019\u00e9pisode L\u2019\u00e9cole pour tous, un id\u00e9al de d\u00e9mocratisation de l\u2019\u00e9ducation diffus\u00e9 sur ICI&#8230;<\/p>\n","protected":false},"author":2,"featured_media":5662,"comment_status":"closed","ping_status":"closed","sticky":false,"template":"","format":"standard","meta":{"_monsterinsights_skip_tracking":false,"_monsterinsights_sitenote_active":false,"_monsterinsights_sitenote_note":"","_monsterinsights_sitenote_category":0,"footnotes":""},"categories":[3],"tags":[565],"class_list":["post-6591","post","type-post","status-publish","format-standard","has-post-thumbnail","hentry","category-actualites","tag-andreanne-lebrun"],"_links":{"self":[{"href":"https:\/\/chrs.uqam.ca\/index.php\/wp-json\/wp\/v2\/posts\/6591","targetHints":{"allow":["GET"]}}],"collection":[{"href":"https:\/\/chrs.uqam.ca\/index.php\/wp-json\/wp\/v2\/posts"}],"about":[{"href":"https:\/\/chrs.uqam.ca\/index.php\/wp-json\/wp\/v2\/types\/post"}],"author":[{"embeddable":true,"href":"https:\/\/chrs.uqam.ca\/index.php\/wp-json\/wp\/v2\/users\/2"}],"replies":[{"embeddable":true,"href":"https:\/\/chrs.uqam.ca\/index.php\/wp-json\/wp\/v2\/comments?post=6591"}],"version-history":[{"count":0,"href":"https:\/\/chrs.uqam.ca\/index.php\/wp-json\/wp\/v2\/posts\/6591\/revisions"}],"wp:featuredmedia":[{"embeddable":true,"href":"https:\/\/chrs.uqam.ca\/index.php\/wp-json\/wp\/v2\/media\/5662"}],"wp:attachment":[{"href":"https:\/\/chrs.uqam.ca\/index.php\/wp-json\/wp\/v2\/media?parent=6591"}],"wp:term":[{"taxonomy":"category","embeddable":true,"href":"https:\/\/chrs.uqam.ca\/index.php\/wp-json\/wp\/v2\/categories?post=6591"},{"taxonomy":"post_tag","embeddable":true,"href":"https:\/\/chrs.uqam.ca\/index.php\/wp-json\/wp\/v2\/tags?post=6591"}],"curies":[{"name":"wp","href":"https:\/\/api.w.org\/{rel}","templated":true}]}}