{"id":6479,"date":"2019-11-12T12:18:52","date_gmt":"2019-11-12T16:18:52","guid":{"rendered":"https:\/\/chrs.dev.uqam.ca\/?p=6479"},"modified":"2019-11-13T10:56:04","modified_gmt":"2019-11-13T14:56:04","slug":"invitation-au-colloque-toujours-debouttes-perspectives-sur-le-renouveau-feministe-au-quebec","status":"publish","type":"post","link":"https:\/\/chrs.uqam.ca\/index.php\/2019\/11\/12\/invitation-au-colloque-toujours-debouttes-perspectives-sur-le-renouveau-feministe-au-quebec\/","title":{"rendered":"Invitation au colloque <em>Toujours deboutte! <\/em>Perspectives sur le renouveau f\u00e9ministe au Qu\u00e9bec"},"content":{"rendered":"\n<p>Les 21 et 22 novembre 2019 se tiendra le colloque&nbsp;<em>Toujours deboutte! Perspectives sur le renouveau f\u00e9ministe au Qu\u00e9bec&nbsp;<\/em>\u00e0 l\u2019Universit\u00e9 du Qu\u00e9bec \u00e0 Montr\u00e9al (UQAM). Les membres du comit\u00e9 organisateur, Marie-Andr\u00e9e Bergeron (Universit\u00e9 de Calgary), Josette Brun (Universit\u00e9 Laval) et&nbsp;<a rel=\"noreferrer noopener\" href=\"https:\/\/chrs.uqam.ca\/index.php\/a-propos\/equipe\/membres-etudiants\/camille-robert\/\" target=\"_blank\">Camille Robert<\/a>, membre du CHRS et candidate au doctorat en histoire \u00e0 l\u2019UQAM,  invitent le public \u00e0 consulter la programmation sur le lien suivant : <a href=\"https:\/\/chrs.uqam.ca\/wp-content\/uploads\/2019\/11\/ProgrammeTD.pdf\">https:\/\/chrs.uqam.ca\/wp-content\/uploads\/2019\/11\/ProgrammeTD.pdf <\/a><\/p>\n\n\n\n<p>Le colloque se d\u00e9roulera dans le pavillon Pr\u00e9sident-Kennedy de l&rsquo;UQAM (salle PK-1140). Le local est accessible pour les personnes \u00e0 mobilit\u00e9 r\u00e9duite depuis l&rsquo;ext\u00e9rieur. L&rsquo;interpr\u00e9tation vers la LSQ sera disponible. Pour toute demande ou question li\u00e9e \u00e0 l&rsquo;accessibilit\u00e9 de l&rsquo;\u00e9v\u00e9nement, n&rsquo;h\u00e9sitez pas \u00e0 \u00e9crire \u00e0 l&rsquo;adresse suivante: toujoursdebouttes@gmail.com<\/p>\n\n\n\n<p>Entr\u00e9e libre et gratuite!<\/p>\n\n\n\n<figure class=\"wp-block-image\"><img loading=\"lazy\" decoding=\"async\" width=\"834\" height=\"1280\" src=\"https:\/\/i1.wp.com\/chrs.uqam.ca\/wp-content\/uploads\/2019\/11\/thumbnail_Toujoursdeboutteweb.jpg?fit=667%2C1024&amp;ssl=1\" alt=\"\" class=\"wp-image-6483\" srcset=\"https:\/\/chrs.uqam.ca\/wp-content\/uploads\/2019\/11\/thumbnail_Toujoursdeboutteweb.jpg 834w, https:\/\/chrs.uqam.ca\/wp-content\/uploads\/2019\/11\/thumbnail_Toujoursdeboutteweb-195x300.jpg 195w, https:\/\/chrs.uqam.ca\/wp-content\/uploads\/2019\/11\/thumbnail_Toujoursdeboutteweb-768x1179.jpg 768w, https:\/\/chrs.uqam.ca\/wp-content\/uploads\/2019\/11\/thumbnail_Toujoursdeboutteweb-667x1024.jpg 667w\" sizes=\"auto, (max-width: 834px) 100vw, 834px\" \/><\/figure>\n","protected":false},"excerpt":{"rendered":"<p>Les 21 et 22 novembre 2019 se tiendra le colloque&nbsp;Toujours deboutte! Perspectives sur le renouveau f\u00e9ministe au Qu\u00e9bec&nbsp;\u00e0 l\u2019Universit\u00e9 du Qu\u00e9bec \u00e0 Montr\u00e9al (UQAM). Les membres du comit\u00e9 organisateur, Marie-Andr\u00e9e&#8230;<\/p>\n","protected":false},"author":2,"featured_media":6483,"comment_status":"closed","ping_status":"closed","sticky":false,"template":"","format":"standard","meta":{"_monsterinsights_skip_tracking":false,"_monsterinsights_sitenote_active":false,"_monsterinsights_sitenote_note":"","_monsterinsights_sitenote_category":0,"footnotes":""},"categories":[3,5],"tags":[28],"class_list":["post-6479","post","type-post","status-publish","format-standard","has-post-thumbnail","hentry","category-actualites","category-colloques-et-conferences","tag-camille-robert"],"_links":{"self":[{"href":"https:\/\/chrs.uqam.ca\/index.php\/wp-json\/wp\/v2\/posts\/6479","targetHints":{"allow":["GET"]}}],"collection":[{"href":"https:\/\/chrs.uqam.ca\/index.php\/wp-json\/wp\/v2\/posts"}],"about":[{"href":"https:\/\/chrs.uqam.ca\/index.php\/wp-json\/wp\/v2\/types\/post"}],"author":[{"embeddable":true,"href":"https:\/\/chrs.uqam.ca\/index.php\/wp-json\/wp\/v2\/users\/2"}],"replies":[{"embeddable":true,"href":"https:\/\/chrs.uqam.ca\/index.php\/wp-json\/wp\/v2\/comments?post=6479"}],"version-history":[{"count":0,"href":"https:\/\/chrs.uqam.ca\/index.php\/wp-json\/wp\/v2\/posts\/6479\/revisions"}],"wp:featuredmedia":[{"embeddable":true,"href":"https:\/\/chrs.uqam.ca\/index.php\/wp-json\/wp\/v2\/media\/6483"}],"wp:attachment":[{"href":"https:\/\/chrs.uqam.ca\/index.php\/wp-json\/wp\/v2\/media?parent=6479"}],"wp:term":[{"taxonomy":"category","embeddable":true,"href":"https:\/\/chrs.uqam.ca\/index.php\/wp-json\/wp\/v2\/categories?post=6479"},{"taxonomy":"post_tag","embeddable":true,"href":"https:\/\/chrs.uqam.ca\/index.php\/wp-json\/wp\/v2\/tags?post=6479"}],"curies":[{"name":"wp","href":"https:\/\/api.w.org\/{rel}","templated":true}]}}