{"id":6400,"date":"2019-11-08T16:13:31","date_gmt":"2019-11-08T20:13:31","guid":{"rendered":"https:\/\/chrs.dev.uqam.ca\/?p=6400"},"modified":"2019-11-08T16:15:06","modified_gmt":"2019-11-08T20:15:06","slug":"milan-busic-publie-une-recension-de-lexposition-dejouer-la-fatalite","status":"publish","type":"post","link":"https:\/\/chrs.uqam.ca\/index.php\/2019\/11\/08\/milan-busic-publie-une-recension-de-lexposition-dejouer-la-fatalite\/","title":{"rendered":"Milan Busic publie une recension de l\u2019exposition  <i>D\u00e9jouer la fatalit\u00e9 : Familles, pauvret\u00e9 et institutions<\/i>"},"content":{"rendered":"\n<p>Milan Busic candidat \u00e0 la ma\u00eetrise \u00e0 l\u2019UQAM et membre \u00e9tudiant au CHRS vient de publier dans HistoireEngag\u00e9e.ca une recension de l\u2019exposition <em>D\u00e9jouer la fatalit\u00e9&nbsp;: Familles, pauvret\u00e9 et institutions<\/em>. Cette exposition est pr\u00e9sent\u00e9e \u00e0 l\u2019\u00c9comus\u00e9e du fier monde jusqu\u2019au 9 f\u00e9vrier 2020.<\/p>\n\n\n\n<p>Extrait&nbsp;: <em>L\u2019une des principales forces de ce projet est, \u00e0 mon sens, d\u2019\u00e9viter de pr\u00e9senter l\u2019histoire de la prise en charge des probl\u00e8mes sociaux au Qu\u00e9bec comme une progression qui s\u2019exprimerait par la victoire graduelle des pouvoirs publics contre les in\u00e9galit\u00e9s sociales. L\u2019exposition, tr\u00e8s critique, nous montre que cette histoire est plut\u00f4t constitu\u00e9e d\u2019une s\u00e9rie de changements de paradigmes en mati\u00e8re d\u2019assistance sociale.&nbsp;<\/em><\/p>\n\n\n\n<p><a href=\"http:\/\/histoireengagee.ca\/recension-de-lexposition-dejouer-la-fatalite-familles-pauvrete-et-institutions\/?fbclid=IwAR3npMdosATxvf6qhZzNSj6jIjyVlJTh9X8bDBYQXdHTpvQlYViRlB8w1Sk\">Lire la recension<\/a><\/p>\n","protected":false},"excerpt":{"rendered":"<p>Milan Busic candidat \u00e0 la ma\u00eetrise \u00e0 l\u2019UQAM et membre \u00e9tudiant au CHRS vient de publier dans HistoireEngag\u00e9e.ca une recension de l\u2019exposition D\u00e9jouer la fatalit\u00e9&nbsp;: Familles, pauvret\u00e9 et institutions. Cette&#8230;<\/p>\n","protected":false},"author":2,"featured_media":5953,"comment_status":"closed","ping_status":"closed","sticky":false,"template":"","format":"standard","meta":{"_monsterinsights_skip_tracking":false,"_monsterinsights_sitenote_active":false,"_monsterinsights_sitenote_note":"","_monsterinsights_sitenote_category":0,"footnotes":""},"categories":[3],"tags":[575],"class_list":["post-6400","post","type-post","status-publish","format-standard","has-post-thumbnail","hentry","category-actualites","tag-milan-busic"],"_links":{"self":[{"href":"https:\/\/chrs.uqam.ca\/index.php\/wp-json\/wp\/v2\/posts\/6400","targetHints":{"allow":["GET"]}}],"collection":[{"href":"https:\/\/chrs.uqam.ca\/index.php\/wp-json\/wp\/v2\/posts"}],"about":[{"href":"https:\/\/chrs.uqam.ca\/index.php\/wp-json\/wp\/v2\/types\/post"}],"author":[{"embeddable":true,"href":"https:\/\/chrs.uqam.ca\/index.php\/wp-json\/wp\/v2\/users\/2"}],"replies":[{"embeddable":true,"href":"https:\/\/chrs.uqam.ca\/index.php\/wp-json\/wp\/v2\/comments?post=6400"}],"version-history":[{"count":0,"href":"https:\/\/chrs.uqam.ca\/index.php\/wp-json\/wp\/v2\/posts\/6400\/revisions"}],"wp:featuredmedia":[{"embeddable":true,"href":"https:\/\/chrs.uqam.ca\/index.php\/wp-json\/wp\/v2\/media\/5953"}],"wp:attachment":[{"href":"https:\/\/chrs.uqam.ca\/index.php\/wp-json\/wp\/v2\/media?parent=6400"}],"wp:term":[{"taxonomy":"category","embeddable":true,"href":"https:\/\/chrs.uqam.ca\/index.php\/wp-json\/wp\/v2\/categories?post=6400"},{"taxonomy":"post_tag","embeddable":true,"href":"https:\/\/chrs.uqam.ca\/index.php\/wp-json\/wp\/v2\/tags?post=6400"}],"curies":[{"name":"wp","href":"https:\/\/api.w.org\/{rel}","templated":true}]}}