{"id":6044,"date":"2019-10-02T10:55:26","date_gmt":"2019-10-02T14:55:26","guid":{"rendered":"https:\/\/chrs.dev.uqam.ca\/?p=6044"},"modified":"2019-10-02T11:21:38","modified_gmt":"2019-10-02T15:21:38","slug":"on-parle-de-lexposition-dejouer-la-fatalite-familles-pauvrete-et-institutions-dans-les-medias","status":"publish","type":"post","link":"https:\/\/chrs.uqam.ca\/index.php\/2019\/10\/02\/on-parle-de-lexposition-dejouer-la-fatalite-familles-pauvrete-et-institutions-dans-les-medias\/","title":{"rendered":"On parle de l&rsquo;exposition <em> D\u00e9jouer la fatalit\u00e9. Familles, pauvret\u00e9 et institutions <\/em> dans les m\u00e9dias"},"content":{"rendered":"\n<p>L&rsquo;exposition <em><a rel=\"noreferrer noopener\" aria-label=\"D\u00e9jouer la fatalit\u00e9. Familles, pauvret\u00e9 et institutions (s\u2019ouvre dans un nouvel onglet)\" href=\"http:\/\/ecomusee.qc.ca\/evenement\/dejouer-la-fatalite\/\" target=\"_blank\">D\u00e9jouer la fatalit\u00e9. Familles, pauvret\u00e9 et institutions<\/a><\/em>, une collaboration entre le CHRS et l&rsquo;\u00c9comus\u00e9e du fier monde, a r\u00e9cemment fait l&rsquo;objet de plusieurs interventions dans les m\u00e9dias. Toutes soulignent \u00e0 leur fa\u00e7on la pertinence de cette exposition dans une plus large r\u00e9flexion sur l&rsquo;\u00e9volution des droits sociaux et la prise en charge des populations marginalis\u00e9es au sein de la soci\u00e9t\u00e9 qu\u00e9b\u00e9coise aujourd&rsquo;hui. <\/p>\n\n\n\n<p><strong>\u00c0 la radio <\/strong><a href=\"https:\/\/www.facebook.com\/iciradiocanadapremiere\/?__tn__=KH-R&amp;eid=ARCehdt6KUoID9CBBYv_v_ZLCnaFZxd3vZFkToRxU8sSrRTwalAnUBz7gKu83BPJYSCTLrVWmptgZYJH&amp;fref=mentions&amp;__xts__%5B0%5D=68.ARDABlt6_ha8X6LHzIV7D7uTvt4ag2JBP3Afr_QNSUkywRc0LncXokYMkRE207HefYlvgIIaoVAfGEIkjDezvkAB_iPDEr09X9cR_jZBP_dYGh7BedOr6uIAuiv8ApyRgvP0QK25jO-aF9XJ3xEvs-f3Nye7DAAR5df7sKtX0ycWs_mFxlPG5FpmfGY_agrh3CwkIYfyHftkrxUR-g0U2Grh3rUy7yM7QroC5x9sa5CVpiDBEqqwSz7mfn124bHp7XUP-t4nA8SmqiJqEkyXO6tLJqv_XgDViSDNjM64RRo3o4Di29gUsNSkaCCEdZELld1TdVA9GwBlFLIbRao\"><strong>ICI Premi\u00e8re\u00a0<\/strong><\/a><strong>de Radio-Canada, deux chroniques sont consacr\u00e9es \u00e0 l&rsquo;exposition pr\u00e9sent\u00e9e jusqu\u2019au 9 f\u00e9vrier 2020.<\/strong><\/p>\n\n\n\n<p>&#8211; \u00ab Tout un matin \u00bb, jeudi 19 septembre (segment de 7h42) :&nbsp;<a href=\"https:\/\/ici.radio-canada.ca\/premiere\/emissions\/tout-un-matin\/episodes\/443662\/audio-fil-du-jeudi-19-septembre-2019?fbclid=IwAR3UlAGEqwixn6Hl8lFVBmHB8AcrPDg9aX8UZTWci9znQfJh8k7Pr9KpnQs\" target=\"_blank\" rel=\"noreferrer noopener\">https:\/\/ici.radio-canada.ca\/\u2026\/audio-fil-du-jeudi-19-septemb\u2026<\/a><\/p>\n\n\n\n<p>&#8211; \u00ab Culture Club \u00bb, samedi 21 septembre (segment de 15h19) :&nbsp;<a href=\"https:\/\/l.facebook.com\/l.php?u=https%3A%2F%2Fici.radio-canada.ca%2Fpremiere%2Femissions%2Fculture-club%2Fepisodes%2F443886%2Faudio-fil-du-samedi-21-septembre-2019%3Ffbclid%3DIwAR0B95VBhABHxjHSrjN2mBptDlGf-rW0ed84InbSbmAx_yUiYBmX4rxiH-M&amp;h=AT304ikNmJxROxE7HVA3F97zBrHomTNY-fy1CmTRoH1S7AOQLYdXGtInJM2pYRUxi-RDfj6H8u4Hg3NHS5zeyDWl2KURmAbPFIvX1hUTEkv2uQSPmB0fo0dYFxCTYmMrtF8Vwax14dj7eNTzZKwQGV9czCwXpeWy1z0c47gg3cgDFacBHc-x-DeUs8zD4GbF3wfeuZBA4E564z9vkxA0w7ZlBKK81FBU1ppOERFbg4aODMweFFbzoxv5bCYKyUH9iH7gxr05oQp_3eINhJVufHUL2qIklc4a9R4TI_wSss6EeRrKx9a9W3g9biylEiJDo_6hTmYUNPoLKomIpIB6wKK8owRjUrOvjRF7hxLuCpkRG3H2TJVjPkPZ2Gcd1Mvp-iF1fou5xM_4o3n_-IvUERrWUWVh9JDJ2scEXZvqEg0_uxv0vT5zAxATXE354hLN5TzrkODFVKEchKWpRXI8lvTTnKjBNu7tZngh_SE0Cu2VkNO36bD92rf7OF1uO8kAuzgwaZzjdJ8IeynmD2uzSViW6wqXWWoSP2ENUq0bsAp95AkGl72kGyLFkPc5r_13WfHtsCg0ImokhJx0WPRLPAWZk6yyOH9oJ4WWC5AoVPnxlWAbmrpSTD_hTqvktXMX\" target=\"_blank\" rel=\"noreferrer noopener\">https:\/\/ici.radio-canada.ca\/\u2026\/audio-fil-du-samedi-21-septem\u2026<\/a><\/p>\n\n\n\n<p><strong>Le 23 septembre dernier, Martin Petitclerc, directeur du CHRS et commissaire de l&rsquo;exposition, \u00e9tait l&rsquo;invit\u00e9 d&rsquo;Annie Desrochers dans\u00a0<\/strong><a href=\"https:\/\/www.facebook.com\/Le1518\/?__tn__=KH-R&amp;eid=ARARXP3Oq9aNrTgtoswg1i0WtrDeRXJ3GOnVMmHR9ieeg6G4wM7QN52tlZW-U89ZcbfB3hMXeZCnrfZl&amp;fref=mentions&amp;__xts__%5B0%5D=68.ARAcQF_BlQUor7uX-ocqq9iYtUbKLoyb4UtA2bX556ZWMTUybb8vHw9iv8QGRjIGrn3IZ612M--h2Yuw9ZqhHPK6YZGEOg6ShSn-Is-2iCD3Gcs9P-by1mq71bwerMwZJBPxB_pJqOv-TkYRqJHOSmdZj92nIbkk1gTDIh0gWcdNFcRAyuwHDMuq5_400oPMxvOfH_TIuiO6Crrkst2T2H5V-_Zsc5iCVxLXDD-q02lEKJ5cnG82FiZWKqSmwiyamlEj09nKufV_h3JuUSqW1Dtti2r4PwRSyMDszmh7IkANxlgjxsC0ylg4vEcztB-u2VIzRygsoGt0rrSq4KSS6FsWR3dBMv4mokxtVLVcR9X6kS5D_AqtloDyBtvcnWh_xt924ToJAoJcjHFbJWpfczgKpOOpc32puM5dr8GIGlKVb9E18aiu2LkqlM87X0HIC6ws9-n-b2_Ftb9h0VTuJEcZBpxQ8bu6GESzfdIfaI1Ra0bpdPOJi4q_\"><strong>Le 15-18<\/strong><\/a><strong>\u00a0sur\u00a0<\/strong><a href=\"https:\/\/www.facebook.com\/iciradiocanadapremiere\/?__tn__=KH-R&amp;eid=ARDqpGCiAiu6myQ_ztQrnL2G7oMleOrNqy938099RSBS7OyPWJPfKAqADAyR_CL486lyXPL29QtYqcbH&amp;fref=mentions&amp;__xts__%5B0%5D=68.ARAcQF_BlQUor7uX-ocqq9iYtUbKLoyb4UtA2bX556ZWMTUybb8vHw9iv8QGRjIGrn3IZ612M--h2Yuw9ZqhHPK6YZGEOg6ShSn-Is-2iCD3Gcs9P-by1mq71bwerMwZJBPxB_pJqOv-TkYRqJHOSmdZj92nIbkk1gTDIh0gWcdNFcRAyuwHDMuq5_400oPMxvOfH_TIuiO6Crrkst2T2H5V-_Zsc5iCVxLXDD-q02lEKJ5cnG82FiZWKqSmwiyamlEj09nKufV_h3JuUSqW1Dtti2r4PwRSyMDszmh7IkANxlgjxsC0ylg4vEcztB-u2VIzRygsoGt0rrSq4KSS6FsWR3dBMv4mokxtVLVcR9X6kS5D_AqtloDyBtvcnWh_xt924ToJAoJcjHFbJWpfczgKpOOpc32puM5dr8GIGlKVb9E18aiu2LkqlM87X0HIC6ws9-n-b2_Ftb9h0VTuJEcZBpxQ8bu6GESzfdIfaI1Ra0bpdPOJi4q_\"><strong>ICI Premi\u00e8re.<\/strong><\/a><\/p>\n\n\n\n<p>Pour \u00e9couter l&rsquo;entrevue : <a href=\"https:\/\/ici.radio-canada.ca\/premiere\/emissions\/le-15-18\/segments\/entrevue\/135383\/exposition-dejouer-fatalite-ecomusee-fier-monde-pauvrete-art\">https:\/\/ici.radio-canada.ca\/premiere\/emissions\/le-15-18\/segments\/entrevue\/135383\/exposition-dejouer-fatalite-ecomusee-fier-monde-pauvrete-art&nbsp;<\/a><\/p>\n\n\n\n<p><strong>Enfin, Claude Gauvreau s&rsquo;est entretenu avec Martin Petitclerc pour l&rsquo;Actualit\u00e9s UQAM.  <\/strong><\/p>\n\n\n\n<blockquote class=\"wp-block-quote is-layout-flow wp-block-quote-is-layout-flow\"><p>Quelle que soit la p\u00e9riode envisag\u00e9e, Martin Petitclerc croit qu\u2019une soci\u00e9t\u00e9 r\u00e9v\u00e8le sa v\u00e9ritable nature par la mani\u00e8re dont elle traite ses membres les plus marginaux. \u00abAux yeux de plusieurs personnes, tout ce qui est marginal est peu important ou secondaire. Je pense, au contraire, que nous devons continuer de nous questionner sur qui sont ces gens que nous acceptons de mettre \u00e0 la marge, et dont les droits les plus \u00e9l\u00e9mentaires ne sont pas toujours respect\u00e9s.\u00bb <\/p><\/blockquote>\n\n\n\n<p>L&rsquo;article \u00ab De la charit\u00e9 aux droits sociaux \u00bb, est en ligne <a href=\"https:\/\/www.actualites.uqam.ca\/2019\/charite-aux-droits-sociaux?utm_source=dlvr.it&amp;utm_medium=twitter&amp;fbclid=IwAR0D2gM1rEitTLmgyhw9eS6AmaogwJvvRqK3bIsnWAaJQpmOUX2AuyPxe1I\" target=\"_blank\" rel=\"noreferrer noopener\" aria-label=\"ici (s\u2019ouvre dans un nouvel onglet)\">ici<\/a>. <\/p>\n","protected":false},"excerpt":{"rendered":"<p>L&rsquo;exposition D\u00e9jouer la fatalit\u00e9. Familles, pauvret\u00e9 et institutions, une collaboration entre le CHRS et l&rsquo;\u00c9comus\u00e9e du fier monde, a r\u00e9cemment fait l&rsquo;objet de plusieurs interventions dans les m\u00e9dias. Toutes soulignent&#8230;<\/p>\n","protected":false},"author":2,"featured_media":5953,"comment_status":"closed","ping_status":"closed","sticky":false,"template":"","format":"standard","meta":{"_monsterinsights_skip_tracking":false,"_monsterinsights_sitenote_active":false,"_monsterinsights_sitenote_note":"","_monsterinsights_sitenote_category":0,"footnotes":""},"categories":[3],"tags":[13],"class_list":["post-6044","post","type-post","status-publish","format-standard","has-post-thumbnail","hentry","category-actualites","tag-martin-petitclerc"],"_links":{"self":[{"href":"https:\/\/chrs.uqam.ca\/index.php\/wp-json\/wp\/v2\/posts\/6044","targetHints":{"allow":["GET"]}}],"collection":[{"href":"https:\/\/chrs.uqam.ca\/index.php\/wp-json\/wp\/v2\/posts"}],"about":[{"href":"https:\/\/chrs.uqam.ca\/index.php\/wp-json\/wp\/v2\/types\/post"}],"author":[{"embeddable":true,"href":"https:\/\/chrs.uqam.ca\/index.php\/wp-json\/wp\/v2\/users\/2"}],"replies":[{"embeddable":true,"href":"https:\/\/chrs.uqam.ca\/index.php\/wp-json\/wp\/v2\/comments?post=6044"}],"version-history":[{"count":0,"href":"https:\/\/chrs.uqam.ca\/index.php\/wp-json\/wp\/v2\/posts\/6044\/revisions"}],"wp:featuredmedia":[{"embeddable":true,"href":"https:\/\/chrs.uqam.ca\/index.php\/wp-json\/wp\/v2\/media\/5953"}],"wp:attachment":[{"href":"https:\/\/chrs.uqam.ca\/index.php\/wp-json\/wp\/v2\/media?parent=6044"}],"wp:term":[{"taxonomy":"category","embeddable":true,"href":"https:\/\/chrs.uqam.ca\/index.php\/wp-json\/wp\/v2\/categories?post=6044"},{"taxonomy":"post_tag","embeddable":true,"href":"https:\/\/chrs.uqam.ca\/index.php\/wp-json\/wp\/v2\/tags?post=6044"}],"curies":[{"name":"wp","href":"https:\/\/api.w.org\/{rel}","templated":true}]}}