{"id":6006,"date":"2019-09-09T13:09:12","date_gmt":"2019-09-09T17:09:12","guid":{"rendered":"https:\/\/chrs.dev.uqam.ca\/?p=6006"},"modified":"2019-09-09T14:46:44","modified_gmt":"2019-09-09T18:46:44","slug":"invitation-a-la-conference-de-rafael-mandressi-representer-la-peau-noire-couleur-image-imprimee-et-savoir-anatomique-au-18e-siecle","status":"publish","type":"post","link":"https:\/\/chrs.uqam.ca\/index.php\/2019\/09\/09\/invitation-a-la-conference-de-rafael-mandressi-representer-la-peau-noire-couleur-image-imprimee-et-savoir-anatomique-au-18e-siecle\/","title":{"rendered":"Invitation \u00e0 la conf\u00e9rence de Rafael Mandressi <em>Repr\u00e9senter la peau noire. Couleur, image imprim\u00e9e et savoir anatomique au XVIIIe si\u00e8cle<\/em>"},"content":{"rendered":"\n<p>Le CHRS vous invite \u00e0 assister \u00e0 la conf\u00e9rence \u00ab Repr\u00e9senter la peau noire. Couleur, image imprim\u00e9e et savoir anatomique au XVIIIe si\u00e8cle \u00bb, qui aura lieu vendredi le 20 septembre 2019 \u00e0 12h30 au local A-6290, pavillon Hubert-Aquin de l\u2019UQAM.<\/p>\n\n\n\n<p>\u00c0 cette occasion, nous recevrons l&rsquo;historien <a rel=\"noreferrer noopener\" aria-label=\"Rafael Mandressi (s\u2019ouvre dans un nouvel onglet)\" href=\"http:\/\/koyre.ehess.fr\/index.php?195\" target=\"_blank\">Rafael Mandressi<\/a>, directeur de recherche au CNRS et membre du Centre Alexandre-Koyr\u00e9 d&rsquo;histoire des sciences et des techniques \u00e0 Paris. Ses recherches portent sur l&rsquo;histoire sociale et culturelle de la m\u00e9decine et des savoirs sur le corps dans l&rsquo;Europe moderne. <\/p>\n\n\n\n<p><em>\u00c0 propos\u00a0<\/em>: La couleur de la peau, en particulier celle de la peau des Noirs, fait partie des questions que les livres d&rsquo;anatomie abordent de fa\u00e7on marginale et sporadique jusqu&rsquo;\u00e0 la fin du XVIIe si\u00e8cle. Quelques dissertations, gravures et atlas en font au XVIIe si\u00e8cle, en revanche, un objet de discussion qui engage aussi bien le savoir anatomique que les techniques de repr\u00e9sentation visuelle et de fabrication de l&rsquo;imprim\u00e9. Mandressi souhaite aborder ces enjeux en s&rsquo;attardant notamment sur des cas n\u00e9erlandais, dont les travaux de Bernhard Siegfried Albinus (1697-1770). <\/p>\n\n\n\n<p>Pour toutes informations suppl\u00e9mentaires, contactez : petit.kim@uqam.ca<\/p>\n\n\n\n<p>Entr\u00e9e libre.&nbsp;<br>Rendez-vous au A-6290,&nbsp;<a rel=\"noreferrer noopener\" href=\"https:\/\/carte.uqam.ca\/pavillon-a\" target=\"_blank\">pavillon Hubert-Aquin<\/a>&nbsp;(6e \u00e9tage) \u00e0 12h30.&nbsp;<br>UQAM, 400 Rue Sainte-Catherine E, Montr\u00e9al, QC H2L 2C5<\/p>\n\n\n\n<figure class=\"wp-block-image\"><img loading=\"lazy\" decoding=\"async\" width=\"1325\" height=\"2048\" src=\"https:\/\/i2.wp.com\/chrs.uqam.ca\/wp-content\/uploads\/2019\/09\/conference_Mandressi.jpg?fit=663%2C1024&amp;ssl=1\" alt=\"\" class=\"wp-image-6008\" srcset=\"https:\/\/chrs.uqam.ca\/wp-content\/uploads\/2019\/09\/conference_Mandressi.jpg 1325w, https:\/\/chrs.uqam.ca\/wp-content\/uploads\/2019\/09\/conference_Mandressi-194x300.jpg 194w, https:\/\/chrs.uqam.ca\/wp-content\/uploads\/2019\/09\/conference_Mandressi-768x1187.jpg 768w, https:\/\/chrs.uqam.ca\/wp-content\/uploads\/2019\/09\/conference_Mandressi-663x1024.jpg 663w\" sizes=\"auto, (max-width: 1325px) 100vw, 1325px\" \/><\/figure>\n","protected":false},"excerpt":{"rendered":"<p>Le CHRS vous invite \u00e0 assister \u00e0 la conf\u00e9rence \u00ab Repr\u00e9senter la peau noire. Couleur, image imprim\u00e9e et savoir anatomique au XVIIIe si\u00e8cle \u00bb, qui aura lieu vendredi le 20&#8230;<\/p>\n","protected":false},"author":2,"featured_media":6008,"comment_status":"closed","ping_status":"closed","sticky":false,"template":"","format":"standard","meta":{"_monsterinsights_skip_tracking":false,"_monsterinsights_sitenote_active":false,"_monsterinsights_sitenote_note":"","_monsterinsights_sitenote_category":0,"footnotes":""},"categories":[569,5],"tags":[],"class_list":["post-6006","post","type-post","status-publish","format-standard","has-post-thumbnail","hentry","category-activites-scientifiques-chrs","category-colloques-et-conferences"],"_links":{"self":[{"href":"https:\/\/chrs.uqam.ca\/index.php\/wp-json\/wp\/v2\/posts\/6006","targetHints":{"allow":["GET"]}}],"collection":[{"href":"https:\/\/chrs.uqam.ca\/index.php\/wp-json\/wp\/v2\/posts"}],"about":[{"href":"https:\/\/chrs.uqam.ca\/index.php\/wp-json\/wp\/v2\/types\/post"}],"author":[{"embeddable":true,"href":"https:\/\/chrs.uqam.ca\/index.php\/wp-json\/wp\/v2\/users\/2"}],"replies":[{"embeddable":true,"href":"https:\/\/chrs.uqam.ca\/index.php\/wp-json\/wp\/v2\/comments?post=6006"}],"version-history":[{"count":0,"href":"https:\/\/chrs.uqam.ca\/index.php\/wp-json\/wp\/v2\/posts\/6006\/revisions"}],"wp:featuredmedia":[{"embeddable":true,"href":"https:\/\/chrs.uqam.ca\/index.php\/wp-json\/wp\/v2\/media\/6008"}],"wp:attachment":[{"href":"https:\/\/chrs.uqam.ca\/index.php\/wp-json\/wp\/v2\/media?parent=6006"}],"wp:term":[{"taxonomy":"category","embeddable":true,"href":"https:\/\/chrs.uqam.ca\/index.php\/wp-json\/wp\/v2\/categories?post=6006"},{"taxonomy":"post_tag","embeddable":true,"href":"https:\/\/chrs.uqam.ca\/index.php\/wp-json\/wp\/v2\/tags?post=6006"}],"curies":[{"name":"wp","href":"https:\/\/api.w.org\/{rel}","templated":true}]}}