{"id":5999,"date":"2019-09-09T11:43:34","date_gmt":"2019-09-09T15:43:34","guid":{"rendered":"https:\/\/chrs.dev.uqam.ca\/?p=5999"},"modified":"2019-09-09T14:30:18","modified_gmt":"2019-09-09T18:30:18","slug":"martin-petitclerc-presente-lexposition-dejouer-la-fatalite-au-micro-de-lemission-radio-m-lete","status":"publish","type":"post","link":"https:\/\/chrs.uqam.ca\/index.php\/2019\/09\/09\/martin-petitclerc-presente-lexposition-dejouer-la-fatalite-au-micro-de-lemission-radio-m-lete\/","title":{"rendered":"Martin Petitclerc pr\u00e9sente l&rsquo;exposition <em> D\u00e9jouer la fatalit\u00e9 <\/em> au micro de l&rsquo;\u00e9mission radio M l&rsquo;\u00e9t\u00e9"},"content":{"rendered":"\n<p>Le 27 ao\u00fbt dernier, <a rel=\"noreferrer noopener\" aria-label=\"Martin Petitclerc (s\u2019ouvre dans un nouvel onglet)\" href=\"https:\/\/chrs.uqam.ca\/index.php\/a-propos\/equipe\/membres-reguliers\/martin-petitclerc\/\" target=\"_blank\">Martin Petitclerc<\/a>, directeur du CHRS, \u00e9tait au micro de l&rsquo;\u00e9mission radio <em>M l&rsquo;\u00e9t\u00e9<\/em>, diffus\u00e9e sur les ondes de <a rel=\"noreferrer noopener\" aria-label=\"Canal M (s\u2019ouvre dans un nouvel onglet)\" href=\"https:\/\/canalm.vuesetvoix.com\/radio\/emission\/m-lete\/page\/5\/\" target=\"_blank\">Canal M<\/a>, afin de pr\u00e9senter l&rsquo;exposition <em>D\u00e9jouer la fatalit\u00e9; pauvret\u00e9, familles et institutions<\/em> qui aura lieu \u00e0 l&rsquo;\u00c9comus\u00e9e du fier monde du 12 septembre 2019 au 9 f\u00e9vrier 2020. En compagnie de l&rsquo;animatrice Clothilde Seille et de son collaborateur Louis Garon, le professeur au d\u00e9partement d&rsquo;histoire de l&rsquo;UQAM a notamment soulign\u00e9 que cette exposition vise \u00e0 contribuer \u00e0 la r\u00e9flexion sur les in\u00e9galit\u00e9s sociales, la vuln\u00e9rabilit\u00e9 et la solidarit\u00e9.<\/p>\n\n\n\n<p>Pour \u00e9couter l&rsquo;entrevue (\u00e0 partir de la 33e minute), c&rsquo;est <a href=\"https:\/\/drive.google.com\/file\/d\/19-0jWmb25kUzKlWzlI4TColRpeSW1f_B\/view\" target=\"_blank\" rel=\"noreferrer noopener\" aria-label=\" (s\u2019ouvre dans un nouvel onglet)\">ici<\/a>. <\/p>\n\n\n<p><a href=\"https:\/\/drive.google.com\/file\/d\/19-0jWmb25kUzKlWzlI4TColRpeSW1f_B\/view\"><img loading=\"lazy\" decoding=\"async\" class=\"size-full wp-image-6014 aligncenter\" src=\"https:\/\/chrs.uqam.ca\/wp-content\/uploads\/2019\/09\/entrevue--e1568053791355.png\" alt=\"\" width=\"300\" height=\"89\" \/><\/a><\/p>\n\n\n<p>\u00c0 compter du 12 septembre prochain, le public pourra d\u00e9couvrir l&rsquo;histoire des nombreuses institutions de prise en charge de la pauvret\u00e9, de la maladie et de la d\u00e9viance (prisons, orphelinats, asiles\u2026) qui ont marqu\u00e9 les quartiers ouvriers comme le Centre-Sud d\u00e8s le milieu du 19e si\u00e8cle. Plusieurs membres r\u00e9guliers et \u00e9tudiants du CHRS ont contribu\u00e9 \u00e0 cette exposition, dirig\u00e9e par Martin Petitclerc, en collaboration avec l&rsquo;\u00e9quipe de l&rsquo;<a rel=\"noreferrer noopener\" href=\"http:\/\/ecomusee.qc.ca\/\" target=\"_blank\">\u00c9comus\u00e9e du fier monde<\/a>.<\/p>\n\n\n\n<p><a href=\"http:\/\/ecomusee.qc.ca\/evenement\/dejouer-la-fatalite\/?fbclid=IwAR2IZzB6nH7SCRCnJ2wf2MU1kFurwQ3faUt28liMloHZiiT0kZT_8rfTmNY\" target=\"_blank\" rel=\"noreferrer noopener\" aria-label=\"En savoir plus sur l'exposition (s\u2019ouvre dans un nouvel onglet)\">En savoir plus sur l&rsquo;exposition<\/a> <\/p>\n","protected":false},"excerpt":{"rendered":"<p>Le 27 ao\u00fbt dernier, Martin Petitclerc, directeur du CHRS, \u00e9tait au micro de l&rsquo;\u00e9mission radio M l&rsquo;\u00e9t\u00e9, diffus\u00e9e sur les ondes de Canal M, afin de pr\u00e9senter l&rsquo;exposition D\u00e9jouer la&#8230;<\/p>\n","protected":false},"author":2,"featured_media":6001,"comment_status":"closed","ping_status":"closed","sticky":false,"template":"","format":"standard","meta":{"_monsterinsights_skip_tracking":false,"_monsterinsights_sitenote_active":false,"_monsterinsights_sitenote_note":"","_monsterinsights_sitenote_category":0,"footnotes":""},"categories":[3],"tags":[13],"class_list":["post-5999","post","type-post","status-publish","format-standard","has-post-thumbnail","hentry","category-actualites","tag-martin-petitclerc"],"_links":{"self":[{"href":"https:\/\/chrs.uqam.ca\/index.php\/wp-json\/wp\/v2\/posts\/5999","targetHints":{"allow":["GET"]}}],"collection":[{"href":"https:\/\/chrs.uqam.ca\/index.php\/wp-json\/wp\/v2\/posts"}],"about":[{"href":"https:\/\/chrs.uqam.ca\/index.php\/wp-json\/wp\/v2\/types\/post"}],"author":[{"embeddable":true,"href":"https:\/\/chrs.uqam.ca\/index.php\/wp-json\/wp\/v2\/users\/2"}],"replies":[{"embeddable":true,"href":"https:\/\/chrs.uqam.ca\/index.php\/wp-json\/wp\/v2\/comments?post=5999"}],"version-history":[{"count":0,"href":"https:\/\/chrs.uqam.ca\/index.php\/wp-json\/wp\/v2\/posts\/5999\/revisions"}],"wp:featuredmedia":[{"embeddable":true,"href":"https:\/\/chrs.uqam.ca\/index.php\/wp-json\/wp\/v2\/media\/6001"}],"wp:attachment":[{"href":"https:\/\/chrs.uqam.ca\/index.php\/wp-json\/wp\/v2\/media?parent=5999"}],"wp:term":[{"taxonomy":"category","embeddable":true,"href":"https:\/\/chrs.uqam.ca\/index.php\/wp-json\/wp\/v2\/categories?post=5999"},{"taxonomy":"post_tag","embeddable":true,"href":"https:\/\/chrs.uqam.ca\/index.php\/wp-json\/wp\/v2\/tags?post=5999"}],"curies":[{"name":"wp","href":"https:\/\/api.w.org\/{rel}","templated":true}]}}