{"id":5884,"date":"2019-07-23T12:32:44","date_gmt":"2019-07-23T16:32:44","guid":{"rendered":"https:\/\/chrs.dev.uqam.ca\/?p=5884"},"modified":"2020-05-27T18:15:12","modified_gmt":"2020-05-27T22:15:12","slug":"la-doctorante-louise-lainesse-participera-aux-rendez-vous-dhistoire-de-quebec-en-aout","status":"publish","type":"post","link":"https:\/\/chrs.uqam.ca\/index.php\/2019\/07\/23\/la-doctorante-louise-lainesse-participera-aux-rendez-vous-dhistoire-de-quebec-en-aout\/","title":{"rendered":"La doctorante Louise Lainesse participera aux Rendez-vous d&rsquo;histoire de Qu\u00e9bec en ao\u00fbt"},"content":{"rendered":"\n<p><a href=\"https:\/\/chrs.uqam.ca\/index.php\/a-propos\/equipe\/membres-etudiants\/louise-lainesse\/\">Louise Lainesse<\/a>, membre \u00e9tudiante du CHRS, participera non pas une, mais deux fois aux 2e Rendez-vous d&rsquo;histoire de Qu\u00e9bec, qui se tiendront du 15 au 18 ao\u00fbt 2019. La candidate au doctorat donnera la conf\u00e9rence \u00abSurvivre \u00e0 l\u2019absence : les \u00ab presque veuves \u00bb de la guerre de la Conqu\u00eate (1754-1760)\u00bb, le vendredi 16 ao\u00fbt \u00e0 20h au Mus\u00e9e du Fort et assurera la mod\u00e9ration de la table ronde \u00abQuand m\u00e9moire et histoire s\u2019entrechoquent: la guerre de la Conqu\u00eate et la recherche scientifique au Qu\u00e9bec\u00bb, le dimanche 18 ao\u00fbt \u00e0 15h \u00e0 la Chapelle du Mus\u00e9e de l\u2019Am\u00e9rique francophone. <\/p>\n\n\n\n<p>Ajoutons que plusieurs activit\u00e9s des Rendez-vous, telles que le Salon du livre d&rsquo;histoire, se tiendront au Morrin Centre. Ceci permettra aux participants de d\u00e9couvrir la visite guid\u00e9e immersive \u00abLa pendaison de William Pounden\/The Hanging of William Pounden\u00bb dont le professeur <a rel=\"noreferrer noopener\" aria-label=\"Donald Fyson (s\u2019ouvre dans un nouvel onglet)\" href=\"https:\/\/chrs.uqam.ca\/index.php\/a-propos\/equipe\/membres-reguliers\/donald-fyson\/\" target=\"_blank\">Donald Fyson<\/a>, membre r\u00e9gulier du CHRS, a \u00e9t\u00e9 le principal conseiller scientifique.<br><br>Pour consulter l&rsquo;ensemble de la programmation, c&rsquo;est <a rel=\"noreferrer noopener\" aria-label=\"ici (s\u2019ouvre dans un nouvel onglet)\" href=\"https:\/\/rendezvoushistoirequebec.com\/\" target=\"_blank\">ici<\/a>!<\/p>\n\n\n\n<figure class=\"wp-block-image\"><img loading=\"lazy\" decoding=\"async\" width=\"1024\" height=\"324\" src=\"https:\/\/chrs.uqam.ca\/wp-content\/uploads\/2019\/07\/rendez-vous_histoire-qc-1024x324.png\" alt=\"\" class=\"wp-image-5885\" srcset=\"https:\/\/chrs.uqam.ca\/wp-content\/uploads\/2019\/07\/rendez-vous_histoire-qc-1024x324.png 1024w, https:\/\/chrs.uqam.ca\/wp-content\/uploads\/2019\/07\/rendez-vous_histoire-qc-300x95.png 300w, https:\/\/chrs.uqam.ca\/wp-content\/uploads\/2019\/07\/rendez-vous_histoire-qc-768x243.png 768w, https:\/\/chrs.uqam.ca\/wp-content\/uploads\/2019\/07\/rendez-vous_histoire-qc.png 1320w\" sizes=\"auto, (max-width: 1024px) 100vw, 1024px\" \/><\/figure>\n","protected":false},"excerpt":{"rendered":"<p>Louise Lainesse, membre \u00e9tudiante du CHRS, participera non pas une, mais deux fois aux 2e Rendez-vous d&rsquo;histoire de Qu\u00e9bec, qui se tiendront du 15 au 18 ao\u00fbt 2019. La candidate&#8230;<\/p>\n","protected":false},"author":2,"featured_media":5886,"comment_status":"closed","ping_status":"closed","sticky":false,"template":"","format":"standard","meta":{"_monsterinsights_skip_tracking":false,"_monsterinsights_sitenote_active":false,"_monsterinsights_sitenote_note":"","_monsterinsights_sitenote_category":0,"footnotes":""},"categories":[3],"tags":[15,574],"class_list":["post-5884","post","type-post","status-publish","format-standard","has-post-thumbnail","hentry","category-actualites","tag-donald-fyson","tag-louise-lainesse"],"_links":{"self":[{"href":"https:\/\/chrs.uqam.ca\/index.php\/wp-json\/wp\/v2\/posts\/5884","targetHints":{"allow":["GET"]}}],"collection":[{"href":"https:\/\/chrs.uqam.ca\/index.php\/wp-json\/wp\/v2\/posts"}],"about":[{"href":"https:\/\/chrs.uqam.ca\/index.php\/wp-json\/wp\/v2\/types\/post"}],"author":[{"embeddable":true,"href":"https:\/\/chrs.uqam.ca\/index.php\/wp-json\/wp\/v2\/users\/2"}],"replies":[{"embeddable":true,"href":"https:\/\/chrs.uqam.ca\/index.php\/wp-json\/wp\/v2\/comments?post=5884"}],"version-history":[{"count":0,"href":"https:\/\/chrs.uqam.ca\/index.php\/wp-json\/wp\/v2\/posts\/5884\/revisions"}],"wp:featuredmedia":[{"embeddable":true,"href":"https:\/\/chrs.uqam.ca\/index.php\/wp-json\/wp\/v2\/media\/5886"}],"wp:attachment":[{"href":"https:\/\/chrs.uqam.ca\/index.php\/wp-json\/wp\/v2\/media?parent=5884"}],"wp:term":[{"taxonomy":"category","embeddable":true,"href":"https:\/\/chrs.uqam.ca\/index.php\/wp-json\/wp\/v2\/categories?post=5884"},{"taxonomy":"post_tag","embeddable":true,"href":"https:\/\/chrs.uqam.ca\/index.php\/wp-json\/wp\/v2\/tags?post=5884"}],"curies":[{"name":"wp","href":"https:\/\/api.w.org\/{rel}","templated":true}]}}