{"id":5787,"date":"2019-06-11T11:05:26","date_gmt":"2019-06-11T15:05:26","guid":{"rendered":"https:\/\/chrs.dev.uqam.ca\/?p=5787"},"modified":"2019-06-13T14:58:27","modified_gmt":"2019-06-13T18:58:27","slug":"appels-a-communications-les-archives-judiciaires-du-quebec-de-la-nouvelle-france-a-aujourdhui","status":"publish","type":"post","link":"https:\/\/chrs.uqam.ca\/index.php\/2019\/06\/11\/appels-a-communications-les-archives-judiciaires-du-quebec-de-la-nouvelle-france-a-aujourdhui\/","title":{"rendered":"Appel \u00e0 communications: Les archives judiciaires du Qu\u00e9bec, de la Nouvelle-France \u00e0 aujourd\u2019hui"},"content":{"rendered":"\n<p style=\"text-align:left\">Les 1er et 2 mai 2020, se tiendront les Journ\u00e9es d\u2019\u00e9tude sur les archives judiciaires \u00e0 BAnQ Vieux-Montr\u00e9al, sous le th\u00e8me <em>Les archives judiciaires du Qu\u00e9becs, de la Nouvelle-France \u00e0 aujourd\u2019hui: historique, usages et enjeux<\/em>. Cette rencontre est organis\u00e9e par Biblioth\u00e8que et Archives nationales du Qu\u00e9bec, en collaboration avec l\u2019Universit\u00e9 de Montr\u00e9al et le Centre interuniversitaire d\u2019\u00e9tudes qu\u00e9b\u00e9coises.<\/p>\n\n\n\n<p style=\"text-align:center\" class=\"has-text-color has-background has-vivid-red-color has-very-light-gray-background-color\"><strong>Prolongation jusqu&rsquo;au 26 juillet 2019<\/strong><\/p>\n\n\n\n<p style=\"text-align:center\"><strong>APPEL \u00c0 COMMUNICATIONS<\/strong> <br>(<a href=\"http:\/\/www.banq.qc.ca\/documents\/activites\/colloque\/2019\/BAnQ_Journees_archives_judiciaires-Appel_a_communications.pdf\" target=\"_blank\" rel=\"noreferrer noopener\" aria-label=\"format pdf (s\u2019ouvre dans un nouvel onglet)\">format pdf<\/a>)<\/p>\n\n\n\n<p style=\"text-align:center\">Les archives judiciaires du Qu\u00e9bec, de la Nouvelle-France \u00e0 aujourd\u2019hui&nbsp;: historique, usages et enjeux<\/p>\n\n\n\n<p style=\"text-align:center\"><em>Journ\u00e9es d\u2019\u00e9tude sur les archives judiciaires<\/em><br><em>Montr\u00e9al (BAnQ Vieux-Montr\u00e9al), les 1<sup>er<\/sup> et 2 mai 2020<\/em><\/p>\n\n\n\n<p>Tant par leur anciennet\u00e9, par leur volume que par leur qualit\u00e9, les archives judiciaires du Qu\u00e9bec conserv\u00e9es par Biblioth\u00e8que et Archives nationales du Qu\u00e9bec (BAnQ) et par les tribunaux offrent depuis longtemps un fort potentiel pour la recherche, tout en \u00e9tant li\u00e9es de mani\u00e8re intime \u00e0 la protection des droits des citoyens. Le recours \u00e0 ces archives est crucial pour de multiples groupes de la soci\u00e9t\u00e9 qu\u00e9b\u00e9coise :<\/p>\n\n\n\n<ul class=\"wp-block-list\"><li>les historiens,&nbsp; les sociologues, les criminologues et les autres sp\u00e9cialistes des sciences humaines et sociales qui souhaitent \u00e9lucider des probl\u00e8mes sociaux comme la transformation des normes ou la gestion de la criminalit\u00e9, la d\u00e9viance et la marginalit\u00e9;<\/li><li>les citoyens qui souhaitent consulter les d\u00e9cisions les concernant et qui leur permettent de faire valoir leurs droits de m\u00eame que les juristes et les historiens du droit int\u00e9ress\u00e9s par l\u2019\u00e9volution du droit ou \u00e0 la recherche de d\u00e9cisions judiciaires pass\u00e9es;<\/li><li>les sp\u00e9cialistes des questions autochtones qui cherchent \u00e0 documenter les revendications territoriales et autres;<\/li><li>les g\u00e9n\u00e9alogistes \u00e0 la recherche de faits et gestes de leurs anc\u00eatres.<\/li><\/ul>\n\n\n\n<p>Dans le cadre du 100<sup>e<\/sup> anniversaire des Archives nationales du Qu\u00e9bec en 2020 et d\u00e9sireux de faire le point sur l\u2019historique, les usages et les enjeux entourant ces sources fondamentales de l\u2019histoire qu\u00e9b\u00e9coise, BAnQ organise, en partenariat avec l\u2019Universit\u00e9 de Montr\u00e9al et le CIEQ des journ\u00e9es d\u2019\u00e9tude sur le sujet. S\u2019adressant autant au grand public qu\u2019aux experts, elles visent \u00e0 r\u00e9unir autour d\u2019une m\u00eame table des sp\u00e9cialistes de tout horizon qui s\u2019int\u00e9ressent aux archives judiciaires ou qui les utilisent.<\/p>\n\n\n\n<p>&nbsp;Le comit\u00e9 scientifique privil\u00e9giera notamment les communications qui&nbsp;abordent un ou plusieurs des th\u00e8mes suivants :<\/p>\n\n\n\n<ul class=\"wp-block-list\"><li>le contexte de cr\u00e9ation des archives judiciaires qu\u00e9b\u00e9coises et leur historique de conservation, de la Nouvelle-France jusqu\u2019\u00e0 nos jours;<\/li><li>les usages multiples des archives judiciaires pour la&nbsp;recherche tant historique que contemporaine, qu\u2019elle soit faite par des sp\u00e9cialistes ou par des citoyens en g\u00e9n\u00e9ral;<\/li><li>les probl\u00e8mes entourant l\u2019accessibilit\u00e9 et l\u2019utilisation des informations souvent sensibles contenues dans les archives judiciaires et les enjeux \u00e9thiques soulev\u00e9s par les imp\u00e9ratifs parfois contradictoires de transparence de l\u2019\u00c9tat et de protection de la vie priv\u00e9e;<\/li><li>la situation des archives judiciaires qu\u00e9b\u00e9coises en comparaison avec celles produites et conserv\u00e9es dans d\u2019autres provinces et pays. &nbsp;<\/li><\/ul>\n\n\n\n<p>Pour proposer une communication, veuillez faire parvenir les informations suivantes, <strong>au plus tard le 26 juillet 2019<\/strong>, \u00e0&nbsp; <a href=\"mailto:journees_archives_judiciaires@banq.qc.ca\">journees_archives_judiciaires@banq.qc.ca<\/a>. Les propositions doivent comprendre un titre,&nbsp; un r\u00e9sum\u00e9 de 250 mots, une br\u00e8ve notice biographique (de 100 \u00e0 200 mots) et vos coordonn\u00e9es (courriel et num\u00e9ro de t\u00e9l\u00e9phone).&nbsp;<\/p>\n\n\n\n<p>H\u00e9l\u00e8ne Laverdure<br>Conservatrice et directrice g\u00e9n\u00e9rale des Archives nationales<br>Direction g\u00e9n\u00e9rale des Archives nationales<br>Biblioth\u00e8que et Archives nationales du Qu\u00e9bec<\/p>\n","protected":false},"excerpt":{"rendered":"<p>Les 1er et 2 mai 2020, se tiendront les Journ\u00e9es d\u2019\u00e9tude sur les archives judiciaires \u00e0 BAnQ Vieux-Montr\u00e9al, sous le th\u00e8me Les archives judiciaires du Qu\u00e9becs, de la Nouvelle-France \u00e0&#8230;<\/p>\n","protected":false},"author":2,"featured_media":5790,"comment_status":"closed","ping_status":"closed","sticky":false,"template":"","format":"standard","meta":{"_monsterinsights_skip_tracking":false,"_monsterinsights_sitenote_active":false,"_monsterinsights_sitenote_note":"","_monsterinsights_sitenote_category":0,"footnotes":""},"categories":[3],"tags":[],"class_list":["post-5787","post","type-post","status-publish","format-standard","has-post-thumbnail","hentry","category-actualites"],"_links":{"self":[{"href":"https:\/\/chrs.uqam.ca\/index.php\/wp-json\/wp\/v2\/posts\/5787","targetHints":{"allow":["GET"]}}],"collection":[{"href":"https:\/\/chrs.uqam.ca\/index.php\/wp-json\/wp\/v2\/posts"}],"about":[{"href":"https:\/\/chrs.uqam.ca\/index.php\/wp-json\/wp\/v2\/types\/post"}],"author":[{"embeddable":true,"href":"https:\/\/chrs.uqam.ca\/index.php\/wp-json\/wp\/v2\/users\/2"}],"replies":[{"embeddable":true,"href":"https:\/\/chrs.uqam.ca\/index.php\/wp-json\/wp\/v2\/comments?post=5787"}],"version-history":[{"count":0,"href":"https:\/\/chrs.uqam.ca\/index.php\/wp-json\/wp\/v2\/posts\/5787\/revisions"}],"wp:featuredmedia":[{"embeddable":true,"href":"https:\/\/chrs.uqam.ca\/index.php\/wp-json\/wp\/v2\/media\/5790"}],"wp:attachment":[{"href":"https:\/\/chrs.uqam.ca\/index.php\/wp-json\/wp\/v2\/media?parent=5787"}],"wp:term":[{"taxonomy":"category","embeddable":true,"href":"https:\/\/chrs.uqam.ca\/index.php\/wp-json\/wp\/v2\/categories?post=5787"},{"taxonomy":"post_tag","embeddable":true,"href":"https:\/\/chrs.uqam.ca\/index.php\/wp-json\/wp\/v2\/tags?post=5787"}],"curies":[{"name":"wp","href":"https:\/\/api.w.org\/{rel}","templated":true}]}}