{"id":5707,"date":"2019-05-29T15:34:36","date_gmt":"2019-05-29T19:34:36","guid":{"rendered":"https:\/\/chrs.dev.uqam.ca\/?p=5707"},"modified":"2019-06-02T19:57:56","modified_gmt":"2019-06-02T23:57:56","slug":"catherine-larochelle-obtient-une-subvention-de-recherche-pour-la-releve-professorale-du-frqsc","status":"publish","type":"post","link":"https:\/\/chrs.uqam.ca\/index.php\/2019\/05\/29\/catherine-larochelle-obtient-une-subvention-de-recherche-pour-la-releve-professorale-du-frqsc\/","title":{"rendered":"Catherine Larochelle obtient une subvention de recherche pour la rel\u00e8ve professorale du FRQSC"},"content":{"rendered":"\n<p>L&rsquo;\u00e9quipe annonce fi\u00e8rement que <a rel=\"noreferrer noopener\" href=\"https:\/\/chrs.uqam.ca\/index.php\/a-propos\/equipe\/membres-reguliers\/catherine-larochelle\/\" target=\"_blank\">Catherine Larochelle<\/a>, professeure&nbsp;au d\u00e9partement d\u2019histoire de l\u2019Universit\u00e9&nbsp;de Montr\u00e9al&nbsp;et membre r\u00e9guli\u00e8re du CHRS, a obtenu une subvention de recherche pour la rel\u00e8ve professorale du Fonds de Recherche du Qu\u00e9bec &#8211; Soci\u00e9t\u00e9 et Culture afin de financer son projet \u00ab\u00a0De la mission \u00e0 l\u2019expansion : Le P\u00e8re Lacombe et l\u2019imagination imp\u00e9riale au Canada fran\u00e7ais (1849-1886)\u00a0\u00bb. <\/p>\n\n\n\n<p><strong>\u00c0 propos du projet de recherche <\/strong>: \u00ab D\u00e8s le milieu du XIXe si\u00e8cle, le Canada entreprend la conqu\u00eate de l&rsquo;Ouest. \u00c0 ce jour, la recherche historique s&rsquo;est principalement int\u00e9ress\u00e9e \u00e0 l&rsquo;influence de cette expansion dans la construction nationale canadienne-anglaise. Il faut maintenant se demander comment la conqu\u00eate de l&rsquo;Ouest canadien a \u00e9t\u00e9 interpr\u00e9t\u00e9e au Qu\u00e9bec et quel r\u00f4le elle a eu dans la construction nationale canadienne-fran\u00e7aise. Dans ce contexte, quelle signification a rev\u00eatue l&rsquo;action missionnaire des Canadiens fran\u00e7ais aupr\u00e8s des nations autochtones? <\/p>\n\n\n\n<p>\u00c0 travers l&rsquo;\u00e9tude de la r\u00e9ception du missionnaire canadien-fran\u00e7ais Albert Lacombe au Qu\u00e9bec, ma recherche mettra en lumi\u00e8re l&rsquo;importance des notions de race, de genre, d&#8217;empire et de mission civilisatrice dans l&rsquo;imaginaire politique canadien-fran\u00e7ais. Pour ce faire, j&rsquo;\u00e9laborerai trois champs d&rsquo;investigation qui correspondent \u00e0 trois p\u00e9riodes de la carri\u00e8re du missionnaire. J&rsquo;analyserai d&rsquo;abord comment le missionnariat aupr\u00e8s des nations autochtones de l&rsquo;Ouest a contribu\u00e9 \u00e0 b\u00e2tir la r\u00e9putation d&rsquo;Albert Lacombe au Canada fran\u00e7ais. J&rsquo;examinerai ensuite comment ses implications coloniales dans les d\u00e9cennies 1870 et 1880, notamment sa participation dans la colonisation du Manitoba, la construction du chemin de fer Pacifique et la signature des trait\u00e9s de cession des terres autochtones, ont \u00e9t\u00e9 per\u00e7ues dans les milieux canadiens-fran\u00e7ais. En troisi\u00e8me lieu, l&rsquo;\u00e9tude du voyage de Lacombe au Qu\u00e9bec avec deux chefs Siksika en 1886 me permettra de prendre en consid\u00e9ration les motivations des chefs autochtones et les fa\u00e7ons dont elles s&rsquo;opposent ou s&rsquo;accordent avec celles du public canadien-fran\u00e7ais. Ma recherche permettra de mieux historiciser la place de l&rsquo;Ouest dans l&rsquo;imagination politique nationale et imp\u00e9riale du Canada fran\u00e7ais. <\/p>\n\n\n\n<p>Finalement, en tentant de mieux comprendre l&rsquo;impact qu&rsquo;ont eu les nations autochtones sur la construction de l&rsquo;identit\u00e9 canadienne-fran\u00e7aise, ma recherche contribuera \u00e0 enrichir les discussions actuelles avec les Premiers Peuples. \u00bb &#8211; <em>Catherine Larochelle<\/em><\/p>\n","protected":false},"excerpt":{"rendered":"<p>L&rsquo;\u00e9quipe annonce fi\u00e8rement que Catherine Larochelle, professeure&nbsp;au d\u00e9partement d\u2019histoire de l\u2019Universit\u00e9&nbsp;de Montr\u00e9al&nbsp;et membre r\u00e9guli\u00e8re du CHRS, a obtenu une subvention de recherche pour la rel\u00e8ve professorale du Fonds de Recherche&#8230;<\/p>\n","protected":false},"author":2,"featured_media":2348,"comment_status":"closed","ping_status":"closed","sticky":false,"template":"","format":"standard","meta":{"_monsterinsights_skip_tracking":false,"_monsterinsights_sitenote_active":false,"_monsterinsights_sitenote_note":"","_monsterinsights_sitenote_category":0,"footnotes":""},"categories":[56],"tags":[43],"class_list":["post-5707","post","type-post","status-publish","format-standard","has-post-thumbnail","hentry","category-chercheures","tag-catherine-larochelle"],"_links":{"self":[{"href":"https:\/\/chrs.uqam.ca\/index.php\/wp-json\/wp\/v2\/posts\/5707","targetHints":{"allow":["GET"]}}],"collection":[{"href":"https:\/\/chrs.uqam.ca\/index.php\/wp-json\/wp\/v2\/posts"}],"about":[{"href":"https:\/\/chrs.uqam.ca\/index.php\/wp-json\/wp\/v2\/types\/post"}],"author":[{"embeddable":true,"href":"https:\/\/chrs.uqam.ca\/index.php\/wp-json\/wp\/v2\/users\/2"}],"replies":[{"embeddable":true,"href":"https:\/\/chrs.uqam.ca\/index.php\/wp-json\/wp\/v2\/comments?post=5707"}],"version-history":[{"count":0,"href":"https:\/\/chrs.uqam.ca\/index.php\/wp-json\/wp\/v2\/posts\/5707\/revisions"}],"wp:featuredmedia":[{"embeddable":true,"href":"https:\/\/chrs.uqam.ca\/index.php\/wp-json\/wp\/v2\/media\/2348"}],"wp:attachment":[{"href":"https:\/\/chrs.uqam.ca\/index.php\/wp-json\/wp\/v2\/media?parent=5707"}],"wp:term":[{"taxonomy":"category","embeddable":true,"href":"https:\/\/chrs.uqam.ca\/index.php\/wp-json\/wp\/v2\/categories?post=5707"},{"taxonomy":"post_tag","embeddable":true,"href":"https:\/\/chrs.uqam.ca\/index.php\/wp-json\/wp\/v2\/tags?post=5707"}],"curies":[{"name":"wp","href":"https:\/\/api.w.org\/{rel}","templated":true}]}}