{"id":568,"date":"2015-05-26T22:22:15","date_gmt":"2015-05-26T21:22:15","guid":{"rendered":"http:\/\/chrs.cieq.ca\/?p=568"},"modified":"2017-05-03T16:44:17","modified_gmt":"2017-05-03T20:44:17","slug":"lancement-du-livre-de-francois-deschamps-la-rebellion-de-1837-a-travers-le-prisme-du-montreal-herald","status":"publish","type":"post","link":"https:\/\/chrs.uqam.ca\/index.php\/2015\/05\/26\/lancement-du-livre-de-francois-deschamps-la-rebellion-de-1837-a-travers-le-prisme-du-montreal-herald\/","title":{"rendered":"Lancement du livre de Fran\u00e7ois Deschamps \u00abLa \u00ab\u00a0r\u00e9bellion de 1837\u00a0\u00bb \u00e0 travers le prisme du Montreal Herald\u00bb"},"content":{"rendered":"<p class=\"p1\"><img loading=\"lazy\" decoding=\"async\" class=\"size-full wp-image-390 alignleft\" src=\"\/wp-content\/uploads\/2017\/02\/deschamps_rebellion_montreal_herald.jpg\" alt=\"\" width=\"150\" height=\"226\" \/><\/p>\n<p class=\"p1\"><span class=\"s1\">Le 26 mai prochain, \u00e0 la librairie <a href=\"http:\/\/www.bonheurdoccasion.com\/\"><span class=\"s2\">Bonheur d&rsquo;occasion<\/span><\/a>, aura lieu le <a href=\"\/wp-content\/uploads\/2015\/05\/Francois-Deschamps-invitation_1.pdf\"><span class=\"s2\">lancement de l&rsquo;ouvrage<\/span> <\/a><\/span><span class=\"s1\">de Fran\u00e7ois Deschamps <a href=\"https:\/\/www.pulaval.com\/produit\/la-rebellion-de-1837-a-travers-le-prisme-du-montreal-herald-ou-la-refondation-par-les-armes-des-institutions-politiques-canadiennes\"><span class=\"s2\">La \u00abr\u00e9bellion de 1837\u00bb \u00e0 travers le prisme du Montreal Herald La refondation par les armes des institutions politiques canadienne,<\/span><\/a> publi\u00e9 aux Presses de l&rsquo;Universit\u00e9 Laval.<\/span><\/p>\n<p>Ce livre est tir\u00e9 du m\u00e9moire de ma\u00eetrise qu&rsquo;il a compl\u00e9t\u00e9 en 2011 sous la direction de\u00a0<a href=\"\/index.php\/a-propos\/equipe\/membres-reguliers\/jean-marie-fecteau\/\">Jean-Marie Fecteau\u2020<\/a>\u00a0et\u00a0pour lequel il\u00a0s&rsquo;est m\u00e9rit\u00e9 le troisi\u00e8me Prix de la <a href=\"http:\/\/www.fondationbonenfant.qc.ca\/\">Fondation Jean-Charles Bonenfant<\/a>. Fran\u00e7ois Deschamps travaille aujourd&rsquo;hui sur une th\u00e8se de doctorat qui porte sur la convergence du discours radical tory avec le courant lib\u00e9ral dominant \u00e0 la fin des ann\u00e9es 1830 qui sera r\u00e9alis\u00e9e sous la direction de <a href=\"\/index.php\/a-propos\/equipe\/membres-reguliers\/martin-petitclerc\/\">Martin Petitclerc<\/a> et de<a href=\"\/index.php\/a-propos\/equipe\/membres-reguliers\/donald-fyson\/\"> Donald Fyson<\/a>.<\/p>\n<p>L&rsquo;\u00e9v\u00e8nement se tiendra de 17h00 \u00e0 19h00 au 1317, avenue Mont-Royal Est \u00e0 Montr\u00e9al.<\/p>\n<p><img loading=\"lazy\" decoding=\"async\" class=\"size-medium wp-image-1406 alignright\" src=\"\/wp-content\/uploads\/2015\/05\/Francois-Deschamps-invitation_1-300x134.jpg\" alt=\"\" width=\"300\" height=\"134\" srcset=\"https:\/\/chrs.uqam.ca\/wp-content\/uploads\/2015\/05\/Francois-Deschamps-invitation_1-300x134.jpg 300w, https:\/\/chrs.uqam.ca\/wp-content\/uploads\/2015\/05\/Francois-Deschamps-invitation_1.jpg 404w\" sizes=\"auto, (max-width: 300px) 100vw, 300px\" \/><\/p>\n<p>&nbsp;<\/p>\n<p>De la part de toute l&rsquo;\u00e9quipe du CHRS,\u00a0f\u00e9licitations!<\/p>\n","protected":false},"excerpt":{"rendered":"<p>Le 26 mai prochain, \u00e0 la librairie Bonheur d&rsquo;occasion, aura lieu le lancement de l&rsquo;ouvrage de Fran\u00e7ois Deschamps La \u00abr\u00e9bellion de 1837\u00bb \u00e0 travers le prisme du Montreal Herald La&#8230;<\/p>\n","protected":false},"author":3,"featured_media":1406,"comment_status":"closed","ping_status":"closed","sticky":false,"template":"","format":"standard","meta":{"_monsterinsights_skip_tracking":false,"_monsterinsights_sitenote_active":false,"_monsterinsights_sitenote_note":"","_monsterinsights_sitenote_category":0,"footnotes":""},"categories":[3],"tags":[41],"class_list":["post-568","post","type-post","status-publish","format-standard","has-post-thumbnail","hentry","category-actualites","tag-francois-deschamps"],"_links":{"self":[{"href":"https:\/\/chrs.uqam.ca\/index.php\/wp-json\/wp\/v2\/posts\/568","targetHints":{"allow":["GET"]}}],"collection":[{"href":"https:\/\/chrs.uqam.ca\/index.php\/wp-json\/wp\/v2\/posts"}],"about":[{"href":"https:\/\/chrs.uqam.ca\/index.php\/wp-json\/wp\/v2\/types\/post"}],"author":[{"embeddable":true,"href":"https:\/\/chrs.uqam.ca\/index.php\/wp-json\/wp\/v2\/users\/3"}],"replies":[{"embeddable":true,"href":"https:\/\/chrs.uqam.ca\/index.php\/wp-json\/wp\/v2\/comments?post=568"}],"version-history":[{"count":0,"href":"https:\/\/chrs.uqam.ca\/index.php\/wp-json\/wp\/v2\/posts\/568\/revisions"}],"wp:featuredmedia":[{"embeddable":true,"href":"https:\/\/chrs.uqam.ca\/index.php\/wp-json\/wp\/v2\/media\/1406"}],"wp:attachment":[{"href":"https:\/\/chrs.uqam.ca\/index.php\/wp-json\/wp\/v2\/media?parent=568"}],"wp:term":[{"taxonomy":"category","embeddable":true,"href":"https:\/\/chrs.uqam.ca\/index.php\/wp-json\/wp\/v2\/categories?post=568"},{"taxonomy":"post_tag","embeddable":true,"href":"https:\/\/chrs.uqam.ca\/index.php\/wp-json\/wp\/v2\/tags?post=568"}],"curies":[{"name":"wp","href":"https:\/\/api.w.org\/{rel}","templated":true}]}}