{"id":5582,"date":"2019-05-03T10:20:29","date_gmt":"2019-05-03T14:20:29","guid":{"rendered":"https:\/\/chrs.dev.uqam.ca\/?p=5582"},"modified":"2019-05-04T12:46:02","modified_gmt":"2019-05-04T16:46:02","slug":"appel-a-communications-toujours-debouttes-perspectives-sur-le-renouveau-feministe-au-quebec","status":"publish","type":"post","link":"https:\/\/chrs.uqam.ca\/index.php\/2019\/05\/03\/appel-a-communications-toujours-debouttes-perspectives-sur-le-renouveau-feministe-au-quebec\/","title":{"rendered":"Appel \u00e0 communications: colloque Toujours <em>debouttes!<\/em> Perspectives sur le renouveau f\u00e9ministe au Qu\u00e9bec"},"content":{"rendered":"\n<p>Les 21 et 22 novembre 2019 se tiendra le colloque <em>Toujours debouttes! Perspectives sur le renouveau f\u00e9ministe au Qu\u00e9bec&nbsp;<\/em>\u00e0 l&rsquo;Universit\u00e9 du Qu\u00e9bec \u00e0 Montr\u00e9al (UQAM). Les membres du comit\u00e9 organisateur, Marie-Andr\u00e9e Bergeron (Universit\u00e9 de Calgary), Josette Brun (Universit\u00e9 Laval) et <a href=\"https:\/\/chrs.uqam.ca\/index.php\/a-propos\/equipe\/membres-etudiants\/camille-robert\/\" target=\"_blank\" rel=\"noreferrer noopener\" aria-label=\"Camille Robert (opens in a new tab)\">Camille Robert<\/a>, membre du CHRS et candidate au doctorat en histoire \u00e0 l&rsquo;UQAM, vous invite \u00e0 soumettre des propositions<strong> avant le 1er ao\u00fbt 2019<\/strong>. <\/p>\n\n\n\n<p style=\"text-align:center\"> <strong>APPEL \u00c0 COMMUNICATIONS <\/strong><br>(<a rel=\"noreferrer noopener\" aria-label=\"format pdf (opens in a new tab)\" href=\"https:\/\/chrs.uqam.ca\/wp-content\/uploads\/2019\/05\/Appel-ToujoursDebouttes.pdf\" target=\"_blank\">format PDF<\/a>)<\/p>\n\n\n\n<p>Montr\u00e9al, 28 novembre 1969&nbsp;: 200 femmes prennent la rue et d\u00e9fient, les premi\u00e8res, le r\u00e8glement anti-manifestation de l\u2019administration Drapeau-Saulnier. Ces militantes, pour la plupart issues de la contestation sociale des ann\u00e9es 1960, sont arr\u00eat\u00e9es sur-le-champ et d\u00e9tenues. Quelques semaines plus tard, plusieurs d\u2019entre elles se r\u00e9unissent pour former le Front de lib\u00e9ration des femmes, un premier collectif qui donnera le coup d\u2019envoi au renouveau f\u00e9ministe qu\u00e9b\u00e9cois.<br><br>Durant les d\u00e9cennies 1970 et 1980, des femmes se mobilisent pour l\u2019acc\u00e8s \u00e0 la contraception, la d\u00e9criminalisation de l\u2019avortement, l\u2019\u00e9ducation \u00e0 la sexualit\u00e9, la reconnaissance sociale et \u00e9conomique du travail m\u00e9nager, l\u2019ouverture de garderies populaires ou encore leur admission dans les tavernes et au banc des jur\u00e9s \u2013 dont elles sont encore exclues. Elles d\u00e9noncent le viol, la violence conjugale et la subordination des femmes dans l\u2019ensemble des sph\u00e8res de la soci\u00e9t\u00e9&nbsp;: dans les milieux d\u2019emploi, dans les organisations de gauche, dans la politique et, bien s\u00fbr, dans la famille. Elles \u00e9crivent des pi\u00e8ces de th\u00e9\u00e2tre, fondent une maison d\u2019\u00e9dition f\u00e9ministe et publient leurs propres journaux et revues, dont Qu\u00e9b\u00e9coises deboutte!, Les T\u00eates de pioche, Des luttes et des rires de femmes et La Vie en rose. Elles sont debouttes, comme le proclamait un slogan de l\u2019\u00e9poque!<br><br><strong>Ce colloque vise \u00e0 revisiter, cinquante ans apr\u00e8s l\u2019\u00e9mergence du Front de lib\u00e9ration des femmes, l\u2019h\u00e9ritage de cette frange des mouvements f\u00e9ministes en (r\u00e9)examinant les discours, les publications, les cr\u00e9ations, les revendications et les mobilisations \u2013 mais aussi les limites et les absences. <\/strong>En prenant le contexte des ann\u00e9es 1970 et 1980 comme point de d\u00e9part, les propositions de communications pourront s\u2019inspirer de, ou alors d\u00e9passer, quelques-uns des th\u00e8mes suivants&nbsp;:<\/p>\n\n\n\n<ul class=\"wp-block-list\"><li>Les publications f\u00e9ministes et leurs discours&nbsp;;<\/li><li>&nbsp;Les trajectoires personnelles ou collectives, les moyens d\u2019action et les mobilisations marquantes&nbsp;;<\/li><li>&nbsp;Les relations entre f\u00e9minisme et cr\u00e9ation artistique, litt\u00e9raire, po\u00e9tique, th\u00e9\u00e2trale ou cin\u00e9matographique&nbsp;;<\/li><li>&nbsp;La r\u00e9ception des revendications f\u00e9ministes dans les m\u00e9dias grand public&nbsp;;<\/li><li>Les croisements entre le priv\u00e9 et le politique, dont la politisation et la collectivisation de certains enjeux \u00ab&nbsp;priv\u00e9s&nbsp;\u00bb&nbsp;;<\/li><li>&nbsp;Les rapports entre collectifs ou id\u00e9es f\u00e9ministes et groupes ind\u00e9pendantistes, \u00e9tudiants, communistes ou syndicaux&nbsp;;<\/li><li>&nbsp;Les liens \u00e9tablis avec d\u2019autres groupes de femmes \u2013 assist\u00e9es sociales, ouvri\u00e8res, militantes de partis politiques ou de syndicats&nbsp;;<\/li><li>&nbsp;L\u2019inclusion ou l\u2019exclusion de femmes \u2013 lesbiennes, transgenres, immigrantes, autochtones ou en situation de handicap&nbsp;;<\/li><li>&nbsp;Les conflits et les tensions entre certaines strat\u00e9gies ou tendances&nbsp;;<\/li><li>&nbsp;Les (dis)continuit\u00e9s avec les mouvements, discours et revendications qui ont \u00e9merg\u00e9 ou gagn\u00e9 en visibilit\u00e9 au 21e si\u00e8cle&nbsp;: d\u00e9nonciation du harc\u00e8lement et des agressions sexuelles, r\u00e9mun\u00e9ration des stages, f\u00e9minisme d\u00e9colonial, mouvements des femmes autochtones, mouvements queer, etc.<\/li><\/ul>\n\n\n\n<p>Nous encourageons les contributions qui s\u2019appuient sur les exp\u00e9riences de militant\u00b7es, d\u2019actrices et d\u2019acteurs, ainsi que sur les recherches d\u2019\u00e9tudiant\u00b7es de 2e et 3e cycles, de professeur\u00b7es, d\u2019enseignant\u00b7es, de charg\u00e9\u00b7es de cours, de chercheuses et de chercheurs ind\u00e9pendant\u00b7es issu\u00b7es des \u00e9tudes litt\u00e9raires, de la science politique, de l\u2019histoire, de la sociologie, des \u00e9tudes sur les m\u00e9dias et la communication, ou de toute autre discipline.<br><br>Nous vous invitons \u00e0 soumettre des propositions de communication individuelle ou de s\u00e9ance commune avant le 1er ao\u00fbt 2019. Celles-ci doivent inclure un titre, une description d\u2019approximativement 200 mots par communication et une br\u00e8ve biographie personnelle. Pour nous faire parvenir votre proposition ou pour toute question, adressez votre courriel \u00e0&nbsp;<a href=\"mailto:toujoursdebouttes@gmail.com\">toujoursdebouttes@gmail.com<\/a>.<br><br><br>\u27a1\ufe0f Comit\u00e9 organisateur<br>Marie-Andr\u00e9e Bergeron, Universit\u00e9 de Calgary<br>Josette Brun, Universit\u00e9 Laval<br>Camille Robert, Universit\u00e9 du Qu\u00e9bec \u00e0 Montr\u00e9al<br><br>\u27a1\ufe0f Comit\u00e9 scientifique<br>Karine Rosso, Universit\u00e9 de Sherbrooke<br>Chlo\u00e9 Savoie-Bernard, Universit\u00e9 de Montr\u00e9al<br>Val\u00e9rie Yanick, Universit\u00e9 Laval<br><\/p>\n","protected":false},"excerpt":{"rendered":"<p>Les 21 et 22 novembre 2019 se tiendra le colloque Toujours debouttes! Perspectives sur le renouveau f\u00e9ministe au Qu\u00e9bec&nbsp;\u00e0 l&rsquo;Universit\u00e9 du Qu\u00e9bec \u00e0 Montr\u00e9al (UQAM). Les membres du comit\u00e9 organisateur,&#8230;<\/p>\n","protected":false},"author":2,"featured_media":5583,"comment_status":"closed","ping_status":"closed","sticky":false,"template":"","format":"standard","meta":{"_monsterinsights_skip_tracking":false,"_monsterinsights_sitenote_active":false,"_monsterinsights_sitenote_note":"","_monsterinsights_sitenote_category":0,"footnotes":""},"categories":[3],"tags":[28],"class_list":["post-5582","post","type-post","status-publish","format-standard","has-post-thumbnail","hentry","category-actualites","tag-camille-robert"],"_links":{"self":[{"href":"https:\/\/chrs.uqam.ca\/index.php\/wp-json\/wp\/v2\/posts\/5582","targetHints":{"allow":["GET"]}}],"collection":[{"href":"https:\/\/chrs.uqam.ca\/index.php\/wp-json\/wp\/v2\/posts"}],"about":[{"href":"https:\/\/chrs.uqam.ca\/index.php\/wp-json\/wp\/v2\/types\/post"}],"author":[{"embeddable":true,"href":"https:\/\/chrs.uqam.ca\/index.php\/wp-json\/wp\/v2\/users\/2"}],"replies":[{"embeddable":true,"href":"https:\/\/chrs.uqam.ca\/index.php\/wp-json\/wp\/v2\/comments?post=5582"}],"version-history":[{"count":0,"href":"https:\/\/chrs.uqam.ca\/index.php\/wp-json\/wp\/v2\/posts\/5582\/revisions"}],"wp:featuredmedia":[{"embeddable":true,"href":"https:\/\/chrs.uqam.ca\/index.php\/wp-json\/wp\/v2\/media\/5583"}],"wp:attachment":[{"href":"https:\/\/chrs.uqam.ca\/index.php\/wp-json\/wp\/v2\/media?parent=5582"}],"wp:term":[{"taxonomy":"category","embeddable":true,"href":"https:\/\/chrs.uqam.ca\/index.php\/wp-json\/wp\/v2\/categories?post=5582"},{"taxonomy":"post_tag","embeddable":true,"href":"https:\/\/chrs.uqam.ca\/index.php\/wp-json\/wp\/v2\/tags?post=5582"}],"curies":[{"name":"wp","href":"https:\/\/api.w.org\/{rel}","templated":true}]}}