{"id":5499,"date":"2019-04-12T10:35:51","date_gmt":"2019-04-12T14:35:51","guid":{"rendered":"https:\/\/chrs.dev.uqam.ca\/?p=5499"},"modified":"2019-04-29T13:11:31","modified_gmt":"2019-04-29T17:11:31","slug":"louise-bienvenue-aline-charles-et-catherine-larochelle-participent-au-colloque-hommage-a-denyse-baillargeon","status":"publish","type":"post","link":"https:\/\/chrs.uqam.ca\/index.php\/2019\/04\/12\/louise-bienvenue-aline-charles-et-catherine-larochelle-participent-au-colloque-hommage-a-denyse-baillargeon\/","title":{"rendered":"Louise Bienvenue, Aline Charles et Catherine Larochelle participent au colloque hommage \u00e0 l&rsquo;historienne Denyse Baillargeon"},"content":{"rendered":"\n<p>Le 1er mai prochain de 9h30 \u00e0 17h00 se tiendra la journ\u00e9e <em>Repenser les notions: Denyse Baillargeon et le m\u00e9tier d&rsquo;historienne<\/em>. Ce colloque, qui rend hommage aux travaux de Denyse Baillargeon et met de l&rsquo;avant l&rsquo;histoire sociale, des femmes et du genre, est organis\u00e9 par le Groupe d&rsquo;histoire de Montr\u00e9al et le d\u00e9partement d&rsquo;histoire de l&rsquo;Universit\u00e9 de Montr\u00e9al. Trois membres r\u00e9guli\u00e8res du CHRS y participeront lors de la s\u00e9ance <em>Les voix des femmes, les voies de la citoyennet\u00e9<\/em> \u00e0 14h00. <\/p>\n\n\n\n<p><a rel=\"noreferrer noopener\" aria-label=\"Louise Bienvenue (opens in a new tab)\" href=\"https:\/\/chrs.uqam.ca\/index.php\/a-propos\/equipe\/membres-reguliers\/louise-bienvenue\/\" target=\"_blank\">Louise Bienvenue<\/a>, historienne et professeure \u00e0 l&rsquo;Universit\u00e9 de Sherbrooke, y  pr\u00e9sentera <em>Faire l&rsquo;histoire autrement. La trajectoire suffragiste bris\u00e9e de Marie-Claire Daveluy<\/em>. Quant \u00e0 <a rel=\"noreferrer noopener\" aria-label=\"Aline Charles (opens in a new tab)\" href=\"https:\/\/chrs.uqam.ca\/index.php\/a-propos\/equipe\/membres-reguliers\/aline-charles\/\" target=\"_blank\">Aline Charles<\/a>, professeure au d\u00e9partement des sciences historiques de l&rsquo;Universit\u00e9 Laval, elle livrera la communication <em>Hospices, asiles et \u00ab Dames pensionnaires \u00bb du XIXe au XXe si\u00e8cle<\/em>. Enfin, c&rsquo;est <a rel=\"noreferrer noopener\" aria-label=\"Catherine Larochelle (opens in a new tab)\" href=\"https:\/\/chrs.uqam.ca\/index.php\/a-propos\/equipe\/membres-reguliers\/catherine-larochelle\/\" target=\"_blank\">Catherine Larochelle<\/a>, professeure en histoire \u00e0 l&rsquo;Universit\u00e9 de Montr\u00e9al qui assurera la pr\u00e9sidence de la s\u00e9ance. <\/p>\n\n\n\n<p><strong>Pour consulter la programmation compl\u00e8te, c&rsquo;est <a href=\"https:\/\/www.mcgill.ca\/ghm-mhg\/files\/ghm-mhg\/programme_repenser_les_notions_1.pdf\" target=\"_blank\" rel=\"noreferrer noopener\" aria-label=\" (opens in a new tab)\">ici.<\/a> <\/strong><\/p>\n\n\n\n<p>Le colloque est ouvert au public, aucune inscription requise.<\/p>\n\n\n\n<p><em><strong>Repenser les notions: Denyse Baillargeon et le m\u00e9tier d&rsquo;historienne<\/strong><\/em><br><strong>Mercredi 1er mai 2019, 9h30 \u00e0 17h00<br>Rendez-vous au carrefour des arts et des sciences C- 3061, pavillon Lionel-Groulx, Universit\u00e9 de Montr\u00e9al, 3150 rue Jean-Brillant <\/strong><\/p>\n\n\n\n<figure class=\"wp-block-image\"><img loading=\"lazy\" decoding=\"async\" width=\"815\" height=\"618\" src=\"https:\/\/chrs.uqam.ca\/wp-content\/uploads\/2019\/04\/repenser_les_notions_programme.png\" alt=\"\" class=\"wp-image-5504\" srcset=\"https:\/\/chrs.uqam.ca\/wp-content\/uploads\/2019\/04\/repenser_les_notions_programme.png 815w, https:\/\/chrs.uqam.ca\/wp-content\/uploads\/2019\/04\/repenser_les_notions_programme-300x227.png 300w, https:\/\/chrs.uqam.ca\/wp-content\/uploads\/2019\/04\/repenser_les_notions_programme-768x582.png 768w\" sizes=\"auto, (max-width: 815px) 100vw, 815px\" \/><\/figure>\n","protected":false},"excerpt":{"rendered":"<p>Le 1er mai prochain de 9h30 \u00e0 17h00 se tiendra la journ\u00e9e Repenser les notions: Denyse Baillargeon et le m\u00e9tier d&rsquo;historienne. Ce colloque, qui rend hommage aux travaux de Denyse&#8230;<\/p>\n","protected":false},"author":2,"featured_media":5506,"comment_status":"closed","ping_status":"closed","sticky":false,"template":"","format":"standard","meta":{"_monsterinsights_skip_tracking":false,"_monsterinsights_sitenote_active":false,"_monsterinsights_sitenote_note":"","_monsterinsights_sitenote_category":0,"footnotes":""},"categories":[3],"tags":[62,43,4],"class_list":["post-5499","post","type-post","status-publish","format-standard","has-post-thumbnail","hentry","category-actualites","tag-aline-charles","tag-catherine-larochelle","tag-louise-bienvenue"],"_links":{"self":[{"href":"https:\/\/chrs.uqam.ca\/index.php\/wp-json\/wp\/v2\/posts\/5499","targetHints":{"allow":["GET"]}}],"collection":[{"href":"https:\/\/chrs.uqam.ca\/index.php\/wp-json\/wp\/v2\/posts"}],"about":[{"href":"https:\/\/chrs.uqam.ca\/index.php\/wp-json\/wp\/v2\/types\/post"}],"author":[{"embeddable":true,"href":"https:\/\/chrs.uqam.ca\/index.php\/wp-json\/wp\/v2\/users\/2"}],"replies":[{"embeddable":true,"href":"https:\/\/chrs.uqam.ca\/index.php\/wp-json\/wp\/v2\/comments?post=5499"}],"version-history":[{"count":0,"href":"https:\/\/chrs.uqam.ca\/index.php\/wp-json\/wp\/v2\/posts\/5499\/revisions"}],"wp:featuredmedia":[{"embeddable":true,"href":"https:\/\/chrs.uqam.ca\/index.php\/wp-json\/wp\/v2\/media\/5506"}],"wp:attachment":[{"href":"https:\/\/chrs.uqam.ca\/index.php\/wp-json\/wp\/v2\/media?parent=5499"}],"wp:term":[{"taxonomy":"category","embeddable":true,"href":"https:\/\/chrs.uqam.ca\/index.php\/wp-json\/wp\/v2\/categories?post=5499"},{"taxonomy":"post_tag","embeddable":true,"href":"https:\/\/chrs.uqam.ca\/index.php\/wp-json\/wp\/v2\/tags?post=5499"}],"curies":[{"name":"wp","href":"https:\/\/api.w.org\/{rel}","templated":true}]}}