{"id":5468,"date":"2019-04-05T12:41:14","date_gmt":"2019-04-05T16:41:14","guid":{"rendered":"https:\/\/chrs.dev.uqam.ca\/?p=5468"},"modified":"2023-05-29T09:16:49","modified_gmt":"2023-05-29T13:16:49","slug":"contribution-de-benoit-marsan-au-journal-nos-droits-nos-luttes","status":"publish","type":"post","link":"https:\/\/chrs.uqam.ca\/index.php\/2019\/04\/05\/contribution-de-benoit-marsan-au-journal-nos-droits-nos-luttes\/","title":{"rendered":"Contribution de Benoit Marsan au journal <em>Nos droits, nos luttes<\/em>"},"content":{"rendered":"\n<p><a rel=\"noreferrer noopener\" aria-label=\"Beno\u00eet Marsan (opens in a new tab)\" href=\"https:\/\/chrs.uqam.ca\/index.php\/a-propos\/equipe\/membres-etudiants\/benoit-marsan\/\" target=\"_blank\">Benoit Marsan<\/a>, doctorant et membre \u00e9tudiant du CHRS, signe un texte sur l&rsquo;histoire des sans-travail montr\u00e9alais et la R\u00e9volte ouvri\u00e8re (1919-1921) dans le journal conjoint du Comit\u00e9 ch\u00f4mage de l&rsquo;est de Montr\u00e9al et du Mouvement action ch\u00f4mage de Montr\u00e9al <em>Nos droits, nos luttes&nbsp;<\/em>(No. 4 printemps\/\u00e9t\u00e9 2019, p. 12-13). <\/p>\n\n\n\n<p>Pour consulter le num\u00e9ro, c&rsquo;est <a rel=\"noreferrer noopener\" aria-label=\"ici (opens in a new tab)\" href=\"http:\/\/macmtl.qc.ca\/wp-content\/uploads\/2018\/01\/Nos-droits-nos-luttes-no.4-printemps-2019-1.pdf\" target=\"_blank\">ici<\/a>. <\/p>\n\n\n\n<figure class=\"wp-block-image\"><a href=\"http:\/\/macmtl.qc.ca\/wp-content\/uploads\/2018\/01\/Nos-droits-nos-luttes-no.4-printemps-2019-1.pdf\"><img loading=\"lazy\" decoding=\"async\" width=\"1111\" height=\"736\" src=\"https:\/\/i2.wp.com\/chrs.uqam.ca\/wp-content\/uploads\/2019\/04\/benoit-marsan.png?fit=740%2C490&amp;ssl=1\" alt=\"\" class=\"wp-image-5469\" srcset=\"https:\/\/chrs.uqam.ca\/wp-content\/uploads\/2019\/04\/benoit-marsan.png 1111w, https:\/\/chrs.uqam.ca\/wp-content\/uploads\/2019\/04\/benoit-marsan-300x199.png 300w, https:\/\/chrs.uqam.ca\/wp-content\/uploads\/2019\/04\/benoit-marsan-768x509.png 768w, https:\/\/chrs.uqam.ca\/wp-content\/uploads\/2019\/04\/benoit-marsan-1024x678.png 1024w, https:\/\/chrs.uqam.ca\/wp-content\/uploads\/2019\/04\/benoit-marsan-740x490.png 740w\" sizes=\"auto, (max-width: 1111px) 100vw, 1111px\" \/><\/a><\/figure>\n","protected":false},"excerpt":{"rendered":"<p>Benoit Marsan, doctorant et membre \u00e9tudiant du CHRS, signe un texte sur l&rsquo;histoire des sans-travail montr\u00e9alais et la R\u00e9volte ouvri\u00e8re (1919-1921) dans le journal conjoint du Comit\u00e9 ch\u00f4mage de l&rsquo;est&#8230;<\/p>\n","protected":false},"author":2,"featured_media":2746,"comment_status":"closed","ping_status":"closed","sticky":false,"template":"","format":"standard","meta":{"_monsterinsights_skip_tracking":false,"_monsterinsights_sitenote_active":false,"_monsterinsights_sitenote_note":"","_monsterinsights_sitenote_category":0,"footnotes":""},"categories":[3],"tags":[32],"class_list":["post-5468","post","type-post","status-publish","format-standard","has-post-thumbnail","hentry","category-actualites","tag-benoit-marsan"],"_links":{"self":[{"href":"https:\/\/chrs.uqam.ca\/index.php\/wp-json\/wp\/v2\/posts\/5468","targetHints":{"allow":["GET"]}}],"collection":[{"href":"https:\/\/chrs.uqam.ca\/index.php\/wp-json\/wp\/v2\/posts"}],"about":[{"href":"https:\/\/chrs.uqam.ca\/index.php\/wp-json\/wp\/v2\/types\/post"}],"author":[{"embeddable":true,"href":"https:\/\/chrs.uqam.ca\/index.php\/wp-json\/wp\/v2\/users\/2"}],"replies":[{"embeddable":true,"href":"https:\/\/chrs.uqam.ca\/index.php\/wp-json\/wp\/v2\/comments?post=5468"}],"version-history":[{"count":1,"href":"https:\/\/chrs.uqam.ca\/index.php\/wp-json\/wp\/v2\/posts\/5468\/revisions"}],"predecessor-version":[{"id":11264,"href":"https:\/\/chrs.uqam.ca\/index.php\/wp-json\/wp\/v2\/posts\/5468\/revisions\/11264"}],"wp:featuredmedia":[{"embeddable":true,"href":"https:\/\/chrs.uqam.ca\/index.php\/wp-json\/wp\/v2\/media\/2746"}],"wp:attachment":[{"href":"https:\/\/chrs.uqam.ca\/index.php\/wp-json\/wp\/v2\/media?parent=5468"}],"wp:term":[{"taxonomy":"category","embeddable":true,"href":"https:\/\/chrs.uqam.ca\/index.php\/wp-json\/wp\/v2\/categories?post=5468"},{"taxonomy":"post_tag","embeddable":true,"href":"https:\/\/chrs.uqam.ca\/index.php\/wp-json\/wp\/v2\/tags?post=5468"}],"curies":[{"name":"wp","href":"https:\/\/api.w.org\/{rel}","templated":true}]}}