{"id":5424,"date":"2019-04-01T13:38:22","date_gmt":"2019-04-01T17:38:22","guid":{"rendered":"https:\/\/chrs.dev.uqam.ca\/?p=5424"},"modified":"2019-04-04T10:05:25","modified_gmt":"2019-04-04T14:05:25","slug":"invitation-au-rendez-vous-politique-de-la-nhru-urhn-investir-lespace-public","status":"publish","type":"post","link":"https:\/\/chrs.uqam.ca\/index.php\/2019\/04\/01\/invitation-au-rendez-vous-politique-de-la-nhru-urhn-investir-lespace-public\/","title":{"rendered":"Invitation au Rendez-vous politique de la NHRU-URHN\u00a0:\u00a0Investir l\u2019espace public"},"content":{"rendered":"Vous \u00eates invit\u00e9s au mini-colloque de la NHRU-URHN, le mercredi 3 avril de 13h \u00e0 16h, salle 2003 RGN de l\u2019Universit\u00e9 d\u2019Ottawa.\n\nLe th\u00e8me de la rencontre est \u00ab\u00a0Investir l\u2019espace public\u00a0\u00bb. Les pan\u00e9listes sont :\n<ul>\n \t<li>Genevi\u00e8ve McCready, B.SC.N, M.SC. (MPH), PHD(C), Universit\u00e9 d\u2019Ottawa, <em>La visibilit\u00e9 dans l&rsquo;espace public est-elle une condition n\u00e9cessaire \u00e0 l&rsquo;action politique?<\/em><\/li>\n \t<li>Caroline Dufour ,M.SC. INF, Assistante infirmi\u00e8re chef, urgence de l&rsquo;H\u00f4pital de Gatineau et AQII, <em>D\u00e9noncer, s&rsquo;allier et influencer les politiques<\/em>.<\/li>\n \t<li>Martin Normand, Stagiaire Postdoctoral, Universit\u00e9 d\u2019Ottawa, <em>L&rsquo;offre active: Prendre conscience de sa capacit\u00e9 d&rsquo;agir.<\/em><\/li>\n \t<li>Natalie Stare-Doucet, INF. clinicienne, MSC(A), PHD(C), Universit\u00e9 de Montr\u00e9al et AQII, <em>De la d\u00e9tresse \u00e0 la r\u00e9sistance: occuper l&rsquo;espace public pour cr\u00e9er des r\u00e9seaux de soutien.<\/em><\/li>\n<\/ul>\n<a href=\"https:\/\/chrs.uqam.ca\/wp-content\/uploads\/2019\/04\/MiniColloqueAffiche.png\"><img loading=\"lazy\" decoding=\"async\" class=\"alignleft size-medium wp-image-5427\" src=\"https:\/\/chrs.uqam.ca\/wp-content\/uploads\/2019\/04\/MiniColloqueAffiche-225x300.png\" alt=\"\" width=\"225\" height=\"300\" srcset=\"https:\/\/chrs.uqam.ca\/wp-content\/uploads\/2019\/04\/MiniColloqueAffiche-225x300.png 225w, https:\/\/chrs.uqam.ca\/wp-content\/uploads\/2019\/04\/MiniColloqueAffiche-768x1024.png 768w, https:\/\/chrs.uqam.ca\/wp-content\/uploads\/2019\/04\/MiniColloqueAffiche.png 1728w\" sizes=\"auto, (max-width: 225px) 100vw, 225px\" \/><\/a>\n\n<!-- \/wp:post-content -->","protected":false},"excerpt":{"rendered":"<p>Vous \u00eates invit\u00e9s au mini-colloque de la NHRU-URHN, le mercredi 3 avril de 13h \u00e0 16h, salle 2003 RGN de l\u2019Universit\u00e9 d\u2019Ottawa. Le th\u00e8me de la rencontre est \u00ab\u00a0Investir l\u2019espace&#8230;<\/p>\n","protected":false},"author":2,"featured_media":5426,"comment_status":"closed","ping_status":"closed","sticky":false,"template":"","format":"standard","meta":{"_monsterinsights_skip_tracking":false,"_monsterinsights_sitenote_active":false,"_monsterinsights_sitenote_note":"","_monsterinsights_sitenote_category":0,"footnotes":""},"categories":[5],"tags":[],"class_list":["post-5424","post","type-post","status-publish","format-standard","has-post-thumbnail","hentry","category-colloques-et-conferences"],"_links":{"self":[{"href":"https:\/\/chrs.uqam.ca\/index.php\/wp-json\/wp\/v2\/posts\/5424","targetHints":{"allow":["GET"]}}],"collection":[{"href":"https:\/\/chrs.uqam.ca\/index.php\/wp-json\/wp\/v2\/posts"}],"about":[{"href":"https:\/\/chrs.uqam.ca\/index.php\/wp-json\/wp\/v2\/types\/post"}],"author":[{"embeddable":true,"href":"https:\/\/chrs.uqam.ca\/index.php\/wp-json\/wp\/v2\/users\/2"}],"replies":[{"embeddable":true,"href":"https:\/\/chrs.uqam.ca\/index.php\/wp-json\/wp\/v2\/comments?post=5424"}],"version-history":[{"count":0,"href":"https:\/\/chrs.uqam.ca\/index.php\/wp-json\/wp\/v2\/posts\/5424\/revisions"}],"wp:featuredmedia":[{"embeddable":true,"href":"https:\/\/chrs.uqam.ca\/index.php\/wp-json\/wp\/v2\/media\/5426"}],"wp:attachment":[{"href":"https:\/\/chrs.uqam.ca\/index.php\/wp-json\/wp\/v2\/media?parent=5424"}],"wp:term":[{"taxonomy":"category","embeddable":true,"href":"https:\/\/chrs.uqam.ca\/index.php\/wp-json\/wp\/v2\/categories?post=5424"},{"taxonomy":"post_tag","embeddable":true,"href":"https:\/\/chrs.uqam.ca\/index.php\/wp-json\/wp\/v2\/tags?post=5424"}],"curies":[{"name":"wp","href":"https:\/\/api.w.org\/{rel}","templated":true}]}}