{"id":5231,"date":"2019-02-14T14:58:47","date_gmt":"2019-02-14T18:58:47","guid":{"rendered":"https:\/\/chrs.dev.uqam.ca\/?p=5231"},"modified":"2019-03-04T08:01:52","modified_gmt":"2019-03-04T12:01:52","slug":"seminaire-du-chrs-entre-hospices-et-manoirs-de-lage-dor-le-bien-vieillir-au-quebec-1921-1971","status":"publish","type":"post","link":"https:\/\/chrs.uqam.ca\/index.php\/2019\/02\/14\/seminaire-du-chrs-entre-hospices-et-manoirs-de-lage-dor-le-bien-vieillir-au-quebec-1921-1971\/","title":{"rendered":"S\u00e9minaire du CHRS: Entre hospices et manoirs de l&rsquo;\u00e2ge d&rsquo;or : le bien vieillir au Qu\u00e9bec, 1921-1971"},"content":{"rendered":"<p>Le Centre d&rsquo;histoire des r\u00e9gulations sociales vous invite \u00e0 assister \u00e0 la conf\u00e9rence \u00ab Entre hospices et manoirs de l&rsquo;\u00e2ge d&rsquo;or : le bien vieillir au Qu\u00e9bec, 1921-1971 \u00bb le vendredi 8 mars 2019 \u00e0 midi (UQAM, local A-1715, pavillon Hubert-Aquin).<\/p>\n<p>Avec la participation de :<br \/>\n<a href=\"https:\/\/chrs.uqam.ca\/index.php\/a-propos\/equipe\/membres-reguliers\/aline-charles\/\">Aline Charles<\/a>\u00a0, Universit\u00e9 Laval<br \/>\n<a href=\"https:\/\/chrs.uqam.ca\/index.php\/a-propos\/equipe\/membres-reguliers\/francois-guerard\/\">Fran\u00e7ois Gu\u00e9rard<\/a>\u00a0, Universit\u00e9 du Qu\u00e9bec \u00e0 Chicoutimi<br \/>\n<a href=\"https:\/\/chrs.uqam.ca\/index.php\/a-propos\/equipe\/membres-reguliers\/yvan-rousseau\/\">Yvan Rousseau<\/a>\u00a0, Universit\u00e9 du Qu\u00e9bec \u00e0 Trois-Rivi\u00e8res<\/p>\n<p>Le\u00a0trois chercheurs membres du CHRS viendront pr\u00e9senter leurs travaux dans le cadre du projet de recherche \u00ab <a href=\"https:\/\/chrs.uqam.ca\/index.php\/entre-hospices-et-manoirs-de-lage-dor-le-bien-veillir-au-quebec-1921-1971\/\">Entre hospices et manoirs de l&rsquo;\u00e2ge d&rsquo;or : le bien vieillir au Qu\u00e9bec, 1921-1971<\/a> \u00bb subventionn\u00e9 par le CRSH (2017-2021).<\/p>\n<p><em>\u00c0 propos <\/em>: Dans le Qu\u00e9bec du 20e si\u00e8cle comme ailleurs en Occident, hospices, foyers et r\u00e9sidences du 3e \u00e2ge sont de plus en plus d\u00e9di\u00e9s \u00e0 la vieillesse. Parall\u00e8lement, \u00ab bien vieillir \u00bb prend la force d\u2019une injonction qui oriente les politiques publiques, fa\u00e7onne les pratiques des sp\u00e9cialistes, alimente un \u00ab march\u00e9 de la vieillesse \u00bb et anime le mouvement du 3e \u00e2ge. Elle r\u00e9sonne dans les \u00e9tablissements pour personnes \u00e2g\u00e9es, modulant ou r\u00e9futant l\u2019ancienne image des mouroirs pour vieilles et vieux d\u00e9munis. C\u2019est \u00e0 cette transformation, fort peu document\u00e9e, que cette pr\u00e9sentation sera consacr\u00e9e.<\/p>\n","protected":false},"excerpt":{"rendered":"<p>Le Centre d&rsquo;histoire des r\u00e9gulations sociales vous invite \u00e0 assister \u00e0 la conf\u00e9rence \u00ab Entre hospices et manoirs de l&rsquo;\u00e2ge d&rsquo;or : le bien vieillir au Qu\u00e9bec, 1921-1971 \u00bb le&#8230;<\/p>\n","protected":false},"author":2,"featured_media":5235,"comment_status":"closed","ping_status":"closed","sticky":false,"template":"","format":"standard","meta":{"_monsterinsights_skip_tracking":false,"_monsterinsights_sitenote_active":false,"_monsterinsights_sitenote_note":"","_monsterinsights_sitenote_category":0,"footnotes":""},"categories":[569,56],"tags":[62,24,23],"class_list":["post-5231","post","type-post","status-publish","format-standard","has-post-thumbnail","hentry","category-activites-scientifiques-chrs","category-chercheures","tag-aline-charles","tag-francois-guerard","tag-yvan-rousseau"],"_links":{"self":[{"href":"https:\/\/chrs.uqam.ca\/index.php\/wp-json\/wp\/v2\/posts\/5231","targetHints":{"allow":["GET"]}}],"collection":[{"href":"https:\/\/chrs.uqam.ca\/index.php\/wp-json\/wp\/v2\/posts"}],"about":[{"href":"https:\/\/chrs.uqam.ca\/index.php\/wp-json\/wp\/v2\/types\/post"}],"author":[{"embeddable":true,"href":"https:\/\/chrs.uqam.ca\/index.php\/wp-json\/wp\/v2\/users\/2"}],"replies":[{"embeddable":true,"href":"https:\/\/chrs.uqam.ca\/index.php\/wp-json\/wp\/v2\/comments?post=5231"}],"version-history":[{"count":0,"href":"https:\/\/chrs.uqam.ca\/index.php\/wp-json\/wp\/v2\/posts\/5231\/revisions"}],"wp:featuredmedia":[{"embeddable":true,"href":"https:\/\/chrs.uqam.ca\/index.php\/wp-json\/wp\/v2\/media\/5235"}],"wp:attachment":[{"href":"https:\/\/chrs.uqam.ca\/index.php\/wp-json\/wp\/v2\/media?parent=5231"}],"wp:term":[{"taxonomy":"category","embeddable":true,"href":"https:\/\/chrs.uqam.ca\/index.php\/wp-json\/wp\/v2\/categories?post=5231"},{"taxonomy":"post_tag","embeddable":true,"href":"https:\/\/chrs.uqam.ca\/index.php\/wp-json\/wp\/v2\/tags?post=5231"}],"curies":[{"name":"wp","href":"https:\/\/api.w.org\/{rel}","templated":true}]}}