{"id":5146,"date":"2019-02-07T09:07:46","date_gmt":"2019-02-07T13:07:46","guid":{"rendered":"https:\/\/chrs.dev.uqam.ca\/?p=5146"},"modified":"2019-02-07T11:54:02","modified_gmt":"2019-02-07T15:54:02","slug":"echanges-entre-martin-petitclerc-et-robert-sweeny-dans-la-section-debats-de-la-revue-dhistoire-de-lamerique-francaise","status":"publish","type":"post","link":"https:\/\/chrs.uqam.ca\/index.php\/2019\/02\/07\/echanges-entre-martin-petitclerc-et-robert-sweeny-dans-la-section-debats-de-la-revue-dhistoire-de-lamerique-francaise\/","title":{"rendered":"D\u00e9bat entre Martin Petitclerc et Robert Sweeny sur le r\u00f4le de l\u2019\u00c9tat dans le processus d\u2019industrialisation"},"content":{"rendered":"\n<p>La section<em> D\u00e9bats<\/em> de la Revue d&rsquo;histoire de l&rsquo;Am\u00e9rique fran\u00e7aise (RHAF) pr\u00e9sente les <a rel=\"noreferrer noopener\" aria-label=\"\u00e9changes (opens in a new tab)\" href=\"http:\/\/www.ihaf.qc.ca\/ihaf\/?page_id=1608\" target=\"_blank\">\u00e9changes<\/a> entre <a rel=\"noreferrer noopener\" aria-label=\"Martin Petitclerc (opens in a new tab)\" href=\"https:\/\/chrs.uqam.ca\/index.php\/a-propos\/equipe\/membres-reguliers\/martin-petitclerc\/\" target=\"_blank\">Martin Petitclerc<\/a>, directeur du CHRS et <a rel=\"noreferrer noopener\" aria-label=\"Robert Sweeny (opens in a new tab)\" href=\"https:\/\/professeurs.uqam.ca\/professeur?c=sweeny.robert\" target=\"_blank\">Robert Sweeny<\/a>, professeur adjoint au D\u00e9partement d&rsquo;histoire de l&rsquo;UQAM, autour de l&rsquo;ouvrage<em> <a href=\"https:\/\/www.mqup.ca\/why-did-we-choose-to-industrialize--products-9780773545380.php\" target=\"_blank\" rel=\"noreferrer noopener\" aria-label=\"Why did we choose to industrialize? Montr\u00e9al 1819-1849 (opens in a new tab)\">Why did we choose to industrialize? Montr\u00e9al 1819-1849<\/a><\/em> (Sweeny, 2015).<\/p>\n\n\n\n<p><strong>R\u00e9sum\u00e9<\/strong> : Ce&nbsp;d\u00e9bat&nbsp;[&#8230;] porte sur la place et le r\u00f4le de l\u2019\u00c9tat dans la transition au capitalisme au XIXe si\u00e8cle au Bas-Canada et particuli\u00e8rement \u00e0 Montr\u00e9al. Alors que Sweeney actualise la perspective du mat\u00e9rialisme historique pour analyser cette transition, Petitclerc soul\u00e8ve le danger de laisser l\u2019\u00c9tat en arri\u00e8re-plan et de proc\u00e9der \u00e0 la \u00ab\u00a0s\u00e9paration du politique et de l\u2019\u00e9conomique\u00a0\u00bb. Sweeney r\u00e9plique que gr\u00e2ce \u00e0 sa perspective, l\u2019\u00c9tat appara\u00eet dans son action r\u00e9gulatrice et quotidienne dans la vie des gens et que bref, \u00ab\u00a0au lieu de voir l\u2019\u00c9tat par le haut, on le voit par le bas\u00a0\u00bb. Petitclerc r\u00e9pond que malgr\u00e9 son riche apport, cette perspective ne permet pas de comprendre pourquoi, vers le milieu du XIXe si\u00e8cle et notamment \u00e0 propos des R\u00e9bellions, les \u00ab\u00a0luttes de pouvoir se manifestent d\u00e9sormais dans l\u2019univers du politique\u00a0\u00bb. <\/p>\n\n\n\n<p>Sur son site Web, la RHAF rassemble quelques-uns des <a href=\"http:\/\/www.ihaf.qc.ca\/ihaf\/?page_id=1604\" target=\"_blank\" rel=\"noreferrer noopener\" aria-label=\"d\u00e9bats historiographiques (opens in a new tab)\">d\u00e9bats historiographiques<\/a> qui ont anim\u00e9 ses pages depuis plus d\u2019un demi-si\u00e8cle.<\/p>\n\n\n\n<p>Pour consulter les articles structurant le d\u00e9bat <em>Le r\u00f4le de l\u2019\u00c9tat dans le processus d\u2019industrialisation<\/em>, cliquez <a rel=\"noreferrer noopener\" aria-label=\"ici (opens in a new tab)\" href=\"http:\/\/www.ihaf.qc.ca\/ihaf\/?page_id=1608\" target=\"_blank\">ici<\/a>.<\/p>\n\n\n\n<p><\/p>\n","protected":false},"excerpt":{"rendered":"<p>La section D\u00e9bats de la Revue d&rsquo;histoire de l&rsquo;Am\u00e9rique fran\u00e7aise (RHAF) pr\u00e9sente les \u00e9changes entre Martin Petitclerc, directeur du CHRS et Robert Sweeny, professeur adjoint au D\u00e9partement d&rsquo;histoire de l&rsquo;UQAM,&#8230;<\/p>\n","protected":false},"author":2,"featured_media":5147,"comment_status":"closed","ping_status":"closed","sticky":false,"template":"","format":"standard","meta":{"_monsterinsights_skip_tracking":false,"_monsterinsights_sitenote_active":false,"_monsterinsights_sitenote_note":"","_monsterinsights_sitenote_category":0,"footnotes":""},"categories":[3,56],"tags":[13],"class_list":["post-5146","post","type-post","status-publish","format-standard","has-post-thumbnail","hentry","category-actualites","category-chercheures","tag-martin-petitclerc"],"_links":{"self":[{"href":"https:\/\/chrs.uqam.ca\/index.php\/wp-json\/wp\/v2\/posts\/5146","targetHints":{"allow":["GET"]}}],"collection":[{"href":"https:\/\/chrs.uqam.ca\/index.php\/wp-json\/wp\/v2\/posts"}],"about":[{"href":"https:\/\/chrs.uqam.ca\/index.php\/wp-json\/wp\/v2\/types\/post"}],"author":[{"embeddable":true,"href":"https:\/\/chrs.uqam.ca\/index.php\/wp-json\/wp\/v2\/users\/2"}],"replies":[{"embeddable":true,"href":"https:\/\/chrs.uqam.ca\/index.php\/wp-json\/wp\/v2\/comments?post=5146"}],"version-history":[{"count":0,"href":"https:\/\/chrs.uqam.ca\/index.php\/wp-json\/wp\/v2\/posts\/5146\/revisions"}],"wp:featuredmedia":[{"embeddable":true,"href":"https:\/\/chrs.uqam.ca\/index.php\/wp-json\/wp\/v2\/media\/5147"}],"wp:attachment":[{"href":"https:\/\/chrs.uqam.ca\/index.php\/wp-json\/wp\/v2\/media?parent=5146"}],"wp:term":[{"taxonomy":"category","embeddable":true,"href":"https:\/\/chrs.uqam.ca\/index.php\/wp-json\/wp\/v2\/categories?post=5146"},{"taxonomy":"post_tag","embeddable":true,"href":"https:\/\/chrs.uqam.ca\/index.php\/wp-json\/wp\/v2\/tags?post=5146"}],"curies":[{"name":"wp","href":"https:\/\/api.w.org\/{rel}","templated":true}]}}