{"id":5029,"date":"2019-01-11T10:51:55","date_gmt":"2019-01-11T14:51:55","guid":{"rendered":"https:\/\/chrs.dev.uqam.ca\/?p=5029"},"modified":"2019-01-15T10:52:50","modified_gmt":"2019-01-15T14:52:50","slug":"appel-de-candidatures-prix-du-livre-politique-de-lassemblee-nationale-du-quebec","status":"publish","type":"post","link":"https:\/\/chrs.uqam.ca\/index.php\/2019\/01\/11\/appel-de-candidatures-prix-du-livre-politique-de-lassemblee-nationale-du-quebec\/","title":{"rendered":"Appel de candidatures : Prix du livre politique de l&rsquo;Assembl\u00e9e nationale du Qu\u00e9bec"},"content":{"rendered":"\n<p>L&rsquo;<a rel=\"noreferrer noopener\" aria-label=\"appel \u00e0 candidatures (opens in a new tab)\" href=\"http:\/\/www.bibliotheque.assnat.qc.ca\/fr\/549-prix-du-livre-politique\" target=\"_blank\">appel \u00e0 candidatures<\/a> de la 17e \u00e9dition des Prix du livre politique d\u00e9cern\u00e9e par l&rsquo;Assembl\u00e9e nationale du Qu\u00e9bec se poursuit. Des bourses totalisant 14 500 $ seront d\u00e9cern\u00e9es aux laur\u00e9ats et finalistes des Prix de la pr\u00e9sidence de l\u2019Assembl\u00e9e nationale et des Prix de la Fondation Jean-Charles-Bonenfant.<\/p>\n\n\n\n<p><strong>La date limite pour soumettre les candidatures est le 25 janvier 2019.<\/strong><\/p>\n\n\n\n<p>Les <strong>Prix de la Fondation Jean-Charles-Bonenfant<\/strong> sont d\u00e9cern\u00e9s aux auteurs et auteures d\u2019une th\u00e8se de doctorat ou d\u2019un m\u00e9moire de ma\u00eetrise portant sur la politique au Qu\u00e9bec et plus sp\u00e9cifiquement sur la vie, sur les institutions et sur les acteurs et actrices politiques.<br><\/p>\n\n\n\n<p>Les prix comportent quatre bourses offertes par la Fondation Jean-Charles-Bonenfant :<br> \u2022 Une bourse de 3 000 $ et une de 1 000 $, remises aux auteurs ou auteures d\u2019une th\u00e8se<br> de doctorat<br> \u2022 Une bourse de 2 000 $ et une de 500 $, offertes aux auteurs ou auteures d\u2019un m\u00e9moire<br> de ma\u00eetrise<br> \u2022 Les dossiers de candidatures pr\u00e9sent\u00e9s pour les Prix de la Fondation Jean-CharlesBonenfant et les Prix de la pr\u00e9sidence sont admissibles automatiquement au Prix du minist\u00e8re des Relations internationale et de la  Francophonie et du minist\u00e8re de l\u2019Europe et des Affaires \u00e9trang\u00e8res de France.<br><\/p>\n\n\n\n<p>Le <strong>Prix de la pr\u00e9sidence de l\u2019Assembl\u00e9e nationale<\/strong> r\u00e9compense la qualit\u00e9 et l\u2019originalit\u00e9 d\u2019une \u0153uvre portant sur la politique qu\u00e9b\u00e9coise.<br><\/p>\n\n\n\n<p>\u2022 Trois bourses sont offertes par l\u2019Assembl\u00e9e nationale du Qu\u00e9bec : une de 5 000 $, remise au laur\u00e9at ou \u00e0 la laur\u00e9ate, et deux autres de 1 500 $ chacune, remises aux finalistes. <\/p>\n\n\n\n<p>\u2022 Les dossiers de candidatures pr\u00e9sent\u00e9s pour les Prix de la Fondation Jean-Charles-Bonenfant et les Prix de la pr\u00e9sidence sont admissibles automatiquement au Prix du minist\u00e8re des<br> Relations internationale et de la Francophonie et du minist\u00e8re de l\u2019Europe et des Affaires \u00e9trang\u00e8res de France<\/p>\n\n\n\n<p><a href=\"http:\/\/www.bibliotheque.assnat.qc.ca\/fr\/549-prix-du-livre-politique\" target=\"_blank\" rel=\"noreferrer noopener\" aria-label=\"En savoir plus  (opens in a new tab)\">En savoir plus <\/a><\/p>\n\n\n\n<p><br><\/p>\n","protected":false},"excerpt":{"rendered":"<p>L&rsquo;appel \u00e0 candidatures de la 17e \u00e9dition des Prix du livre politique d\u00e9cern\u00e9e par l&rsquo;Assembl\u00e9e nationale du Qu\u00e9bec se poursuit. Des bourses totalisant 14 500 $ seront d\u00e9cern\u00e9es aux laur\u00e9ats&#8230;<\/p>\n","protected":false},"author":2,"featured_media":5030,"comment_status":"closed","ping_status":"closed","sticky":false,"template":"","format":"standard","meta":{"_monsterinsights_skip_tracking":false,"_monsterinsights_sitenote_active":false,"_monsterinsights_sitenote_note":"","_monsterinsights_sitenote_category":0,"footnotes":""},"categories":[3],"tags":[],"class_list":["post-5029","post","type-post","status-publish","format-standard","has-post-thumbnail","hentry","category-actualites"],"_links":{"self":[{"href":"https:\/\/chrs.uqam.ca\/index.php\/wp-json\/wp\/v2\/posts\/5029","targetHints":{"allow":["GET"]}}],"collection":[{"href":"https:\/\/chrs.uqam.ca\/index.php\/wp-json\/wp\/v2\/posts"}],"about":[{"href":"https:\/\/chrs.uqam.ca\/index.php\/wp-json\/wp\/v2\/types\/post"}],"author":[{"embeddable":true,"href":"https:\/\/chrs.uqam.ca\/index.php\/wp-json\/wp\/v2\/users\/2"}],"replies":[{"embeddable":true,"href":"https:\/\/chrs.uqam.ca\/index.php\/wp-json\/wp\/v2\/comments?post=5029"}],"version-history":[{"count":0,"href":"https:\/\/chrs.uqam.ca\/index.php\/wp-json\/wp\/v2\/posts\/5029\/revisions"}],"wp:featuredmedia":[{"embeddable":true,"href":"https:\/\/chrs.uqam.ca\/index.php\/wp-json\/wp\/v2\/media\/5030"}],"wp:attachment":[{"href":"https:\/\/chrs.uqam.ca\/index.php\/wp-json\/wp\/v2\/media?parent=5029"}],"wp:term":[{"taxonomy":"category","embeddable":true,"href":"https:\/\/chrs.uqam.ca\/index.php\/wp-json\/wp\/v2\/categories?post=5029"},{"taxonomy":"post_tag","embeddable":true,"href":"https:\/\/chrs.uqam.ca\/index.php\/wp-json\/wp\/v2\/tags?post=5029"}],"curies":[{"name":"wp","href":"https:\/\/api.w.org\/{rel}","templated":true}]}}