{"id":490,"date":"2016-01-12T16:30:49","date_gmt":"2016-01-12T15:30:49","guid":{"rendered":"http:\/\/chrs.cieq.ca\/?p=490"},"modified":"2017-05-03T16:22:18","modified_gmt":"2017-05-03T20:22:18","slug":"compte-rendu-de-la-journee-detude-femmes-et-regulations-sociales","status":"publish","type":"post","link":"https:\/\/chrs.uqam.ca\/index.php\/2016\/01\/12\/compte-rendu-de-la-journee-detude-femmes-et-regulations-sociales\/","title":{"rendered":"COMPTE-RENDU DE LA JOURN\u00c9E D&rsquo;\u00c9TUDE \u00ab FEMMES ET R\u00c9GULATIONS SOCIALES \u00bb"},"content":{"rendered":"<p class=\"p1\"><img loading=\"lazy\" decoding=\"async\" class=\"size-medium wp-image-1166 alignright\" src=\"\/wp-content\/uploads\/2016\/01\/femmesregulations-194x300.jpeg\" alt=\"\" width=\"194\" height=\"300\" srcset=\"https:\/\/chrs.uqam.ca\/wp-content\/uploads\/2016\/01\/femmesregulations-194x300.jpeg 194w, https:\/\/chrs.uqam.ca\/wp-content\/uploads\/2016\/01\/femmesregulations-768x1187.jpeg 768w, https:\/\/chrs.uqam.ca\/wp-content\/uploads\/2016\/01\/femmesregulations-663x1024.jpeg 663w, https:\/\/chrs.uqam.ca\/wp-content\/uploads\/2016\/01\/femmesregulations.jpeg 1650w\" sizes=\"auto, (max-width: 194px) 100vw, 194px\" \/><\/p>\n<p class=\"p1\"><span class=\"s1\"><a href=\"\/index.php\/a-propos\/equipe\/membres-etudiants\/camille-robert\/\">Camille Robert<\/a>, candidate \u00e0 la ma\u00eetrise sous la direction de <a href=\"\/index.php\/a-propos\/equipe\/membres-reguliers\/martin-petitclerc\/\">Martin Petitclerc<\/a> et assistante au CHRS, a publi\u00e9 <a href=\"http:\/\/histoireengagee.ca\/?p=5200\"><span class=\"s2\">le compte rendu de la Journ\u00e9e d\u2019\u00e9tude \u00ab\u00a0femmes et r\u00e9gulations sociales \u00bb<\/span><\/a> sur le blogue <a href=\"http:\/\/histoireengagee.ca\/\">Histoireengag\u00e9e.ca<\/a><\/span><\/p>\n<p class=\"p1\"><span class=\"s1\">Cette journ\u00e9e d\u2019\u00e9tude, organis\u00e9 par Camille Robert et Anne-Marie Buisson en collaboration avec le CHRS s\u2019est d\u00e9roul\u00e9e le 20 novembre 2015, \u00e0 l\u2019UQAM. Elle visait \u00e0 penser le genre, la situation des femmes et de la famille \u00e0 travers le cadre analytique des r\u00e9gulations sociales.<\/span><\/p>\n<p class=\"p1\"><a href=\"\/wp-content\/uploads\/2016\/01\/femmesregulations_0.pdf\">Pour voir l&rsquo;affiche de la Journ\u00e9e d&rsquo;\u00e9tude<\/a><\/p>\n<p class=\"p2\">\n","protected":false},"excerpt":{"rendered":"<p>Camille Robert, candidate \u00e0 la ma\u00eetrise sous la direction de Martin Petitclerc et assistante au CHRS, a publi\u00e9 le compte rendu de la Journ\u00e9e d\u2019\u00e9tude \u00ab\u00a0femmes et r\u00e9gulations sociales \u00bb&#8230;<\/p>\n","protected":false},"author":3,"featured_media":491,"comment_status":"closed","ping_status":"closed","sticky":false,"template":"","format":"standard","meta":{"_monsterinsights_skip_tracking":false,"_monsterinsights_sitenote_active":false,"_monsterinsights_sitenote_note":"","_monsterinsights_sitenote_category":0,"footnotes":""},"categories":[5],"tags":[46,28],"class_list":["post-490","post","type-post","status-publish","format-standard","has-post-thumbnail","hentry","category-colloques-et-conferences","tag-anne-marie-buisson","tag-camille-robert"],"_links":{"self":[{"href":"https:\/\/chrs.uqam.ca\/index.php\/wp-json\/wp\/v2\/posts\/490","targetHints":{"allow":["GET"]}}],"collection":[{"href":"https:\/\/chrs.uqam.ca\/index.php\/wp-json\/wp\/v2\/posts"}],"about":[{"href":"https:\/\/chrs.uqam.ca\/index.php\/wp-json\/wp\/v2\/types\/post"}],"author":[{"embeddable":true,"href":"https:\/\/chrs.uqam.ca\/index.php\/wp-json\/wp\/v2\/users\/3"}],"replies":[{"embeddable":true,"href":"https:\/\/chrs.uqam.ca\/index.php\/wp-json\/wp\/v2\/comments?post=490"}],"version-history":[{"count":0,"href":"https:\/\/chrs.uqam.ca\/index.php\/wp-json\/wp\/v2\/posts\/490\/revisions"}],"wp:featuredmedia":[{"embeddable":true,"href":"https:\/\/chrs.uqam.ca\/index.php\/wp-json\/wp\/v2\/media\/491"}],"wp:attachment":[{"href":"https:\/\/chrs.uqam.ca\/index.php\/wp-json\/wp\/v2\/media?parent=490"}],"wp:term":[{"taxonomy":"category","embeddable":true,"href":"https:\/\/chrs.uqam.ca\/index.php\/wp-json\/wp\/v2\/categories?post=490"},{"taxonomy":"post_tag","embeddable":true,"href":"https:\/\/chrs.uqam.ca\/index.php\/wp-json\/wp\/v2\/tags?post=490"}],"curies":[{"name":"wp","href":"https:\/\/api.w.org\/{rel}","templated":true}]}}