{"id":4798,"date":"2018-10-30T11:04:58","date_gmt":"2018-10-30T15:04:58","guid":{"rendered":"https:\/\/chrs.dev.uqam.ca\/?p=4798"},"modified":"2018-11-01T12:07:51","modified_gmt":"2018-11-01T16:07:51","slug":"louvrage-greve-et-paix-recompense-au-71e-congres-de-linstitut-dhistoire-de-lamerique-francaise","status":"publish","type":"post","link":"https:\/\/chrs.uqam.ca\/index.php\/2018\/10\/30\/louvrage-greve-et-paix-recompense-au-71e-congres-de-linstitut-dhistoire-de-lamerique-francaise\/","title":{"rendered":"L&rsquo;ouvrage <em>Gr\u00e8ve et paix<\/em> r\u00e9compens\u00e9 au 71e congr\u00e8s de l&rsquo;Institut d&rsquo;histoire de l&rsquo;Am\u00e9rique fran\u00e7aise"},"content":{"rendered":"<p><a href=\"https:\/\/chrs.uqam.ca\/wp-content\/uploads\/2018\/03\/28783607_1770264573037007_2457331221542369469_n.jpg\"><img loading=\"lazy\" decoding=\"async\" class=\"alignleft size-medium wp-image-3331\" src=\"https:\/\/chrs.uqam.ca\/wp-content\/uploads\/2018\/03\/28783607_1770264573037007_2457331221542369469_n-173x300.jpg\" alt=\"\" width=\"173\" height=\"300\" srcset=\"https:\/\/chrs.uqam.ca\/wp-content\/uploads\/2018\/03\/28783607_1770264573037007_2457331221542369469_n-173x300.jpg 173w, https:\/\/chrs.uqam.ca\/wp-content\/uploads\/2018\/03\/28783607_1770264573037007_2457331221542369469_n.jpg 554w\" sizes=\"auto, (max-width: 173px) 100vw, 173px\" \/><\/a>\u00c0 l&rsquo;occasion du dernier\u00a0<a href=\"https:\/\/congresihaf2018.cieq.ca\/\" target=\"_blank\" rel=\"noopener noreferrer\" data-auth=\"NotApplicable\">congr\u00e8s de l&rsquo;Institut d&rsquo;histoire de l&rsquo;Am\u00e9rique fran\u00e7aise (IHAF)<\/a>\u00a0tenu \u00e0 Drummondville du 18 au 20 octobre dernier, l&rsquo;ouvrage\u00a0<a href=\"http:\/\/www.luxediteur.com\/catalogue\/greve-et-paix\/\" target=\"_blank\" rel=\"noopener noreferrer\" data-auth=\"NotApplicable\"><i>Gr\u00e8ve et paix. Une histoire des lois sp\u00e9ciales au Qu\u00e9bec<\/i><\/a>\u00a0de Martin Petitclerc et Martin Robert, respectivement directeur et membre \u00e9tudiant du CHRS, s&rsquo;est m\u00e9rit\u00e9 le Prix de l&rsquo;Assembl\u00e9e nationale du Qu\u00e9bec pour le meilleur livre d&rsquo;histoire politique paru en 2018.<\/p>\n<p>Issu d&rsquo;un partenariat avec quatre centrales syndicales (FTQ, CSN, CSQ et FIQ) par l&rsquo;entremise du Service aux collectivit\u00e9s de l&rsquo;UQAM, ce livre est le r\u00e9sultat d&rsquo;une recherche de six ans sur l&rsquo;histoire des lois d&rsquo;exception ayant mis fin \u00e0 des gr\u00e8ves depuis l&rsquo;adoption du Code du travail qu\u00e9b\u00e9cois en 1964. Analys\u00e9es pour la premi\u00e8re fois dans leur ensemble et sous l&rsquo;angle de leurs rapports \u00e0 l&rsquo;histoire politique du Qu\u00e9bec, les lois sp\u00e9ciales apparaissent ainsi comme \u00e9l\u00e9ment structurant des relations de travail et de la vie politique qu\u00e9b\u00e9coise des cinquante derni\u00e8res ann\u00e9es.<\/p>\n","protected":false},"excerpt":{"rendered":"<p>\u00c0 l&rsquo;occasion du dernier\u00a0congr\u00e8s de l&rsquo;Institut d&rsquo;histoire de l&rsquo;Am\u00e9rique fran\u00e7aise (IHAF)\u00a0tenu \u00e0 Drummondville du 18 au 20 octobre dernier, l&rsquo;ouvrage\u00a0Gr\u00e8ve et paix. Une histoire des lois sp\u00e9ciales au Qu\u00e9bec\u00a0de Martin&#8230;<\/p>\n","protected":false},"author":2,"featured_media":4803,"comment_status":"closed","ping_status":"closed","sticky":false,"template":"","format":"standard","meta":{"_monsterinsights_skip_tracking":false,"_monsterinsights_sitenote_active":false,"_monsterinsights_sitenote_note":"","_monsterinsights_sitenote_category":0,"footnotes":""},"categories":[3],"tags":[13,33],"class_list":["post-4798","post","type-post","status-publish","format-standard","has-post-thumbnail","hentry","category-actualites","tag-martin-petitclerc","tag-martin-robert"],"_links":{"self":[{"href":"https:\/\/chrs.uqam.ca\/index.php\/wp-json\/wp\/v2\/posts\/4798","targetHints":{"allow":["GET"]}}],"collection":[{"href":"https:\/\/chrs.uqam.ca\/index.php\/wp-json\/wp\/v2\/posts"}],"about":[{"href":"https:\/\/chrs.uqam.ca\/index.php\/wp-json\/wp\/v2\/types\/post"}],"author":[{"embeddable":true,"href":"https:\/\/chrs.uqam.ca\/index.php\/wp-json\/wp\/v2\/users\/2"}],"replies":[{"embeddable":true,"href":"https:\/\/chrs.uqam.ca\/index.php\/wp-json\/wp\/v2\/comments?post=4798"}],"version-history":[{"count":0,"href":"https:\/\/chrs.uqam.ca\/index.php\/wp-json\/wp\/v2\/posts\/4798\/revisions"}],"wp:featuredmedia":[{"embeddable":true,"href":"https:\/\/chrs.uqam.ca\/index.php\/wp-json\/wp\/v2\/media\/4803"}],"wp:attachment":[{"href":"https:\/\/chrs.uqam.ca\/index.php\/wp-json\/wp\/v2\/media?parent=4798"}],"wp:term":[{"taxonomy":"category","embeddable":true,"href":"https:\/\/chrs.uqam.ca\/index.php\/wp-json\/wp\/v2\/categories?post=4798"},{"taxonomy":"post_tag","embeddable":true,"href":"https:\/\/chrs.uqam.ca\/index.php\/wp-json\/wp\/v2\/tags?post=4798"}],"curies":[{"name":"wp","href":"https:\/\/api.w.org\/{rel}","templated":true}]}}