{"id":441,"date":"2016-03-03T21:34:10","date_gmt":"2016-03-03T20:34:10","guid":{"rendered":"http:\/\/chrs.cieq.ca\/?p=441"},"modified":"2017-05-03T16:08:19","modified_gmt":"2017-05-03T20:08:19","slug":"conferences-de-georges-vigarello-en-video","status":"publish","type":"post","link":"https:\/\/chrs.uqam.ca\/index.php\/2016\/03\/03\/conferences-de-georges-vigarello-en-video\/","title":{"rendered":"Conf\u00e9rences de Georges Vigarello en vid\u00e9o"},"content":{"rendered":"<p class=\"p1\"><img loading=\"lazy\" decoding=\"async\" class=\"alignnone size-full wp-image-443\" src=\"\/wp-content\/uploads\/2017\/02\/vigarello1.png\" alt=\"\" width=\"174\" height=\"124\" \/><\/p>\n<p class=\"p1\"><span class=\"s1\">Les conf\u00e9rences sur l\u2019histoire du corps donn\u00e9es par le Pr Georges Vigarello (EHESS) au mois de septembre 2015 sont maintenant en ligne.\u00a0La premi\u00e8re porte sur <a href=\"https:\/\/www.youtube.com\/watch?v=dE1XYEzBPG8\"><span class=\"s2\">l\u2019histoire du corps<\/span><\/a> et la seconde sur <a href=\"https:\/\/www.youtube.com\/watch?v=jf4bGyGNO8o\"><span class=\"s2\">l\u2019histoire de l\u2019ob\u00e9sit\u00e9<\/span><\/a>.<\/span><\/p>\n<p class=\"p1\"><span class=\"s1\">Ces conf\u00e9rences nous \u00e9taient pr\u00e9sent\u00e9es par la <a href=\"https:\/\/recherche.uottawa.ca\/personnes\/thifault-marie-claude#Array\"><span class=\"s2\">Chaire de recherche sur la francophonie canadienne en sant\u00e9 <\/span><\/a>de l&rsquo;Universit\u00e9 d&rsquo;Ottawa, en partenariat avec le <a href=\"http:\/\/www.sante.uottawa.ca\/crssc\/\"><span class=\"s2\">Centre de recherche sur le sport dans la soci\u00e9t\u00e9 canadienne<\/span><\/a> (UOttawa), le <a href=\"http:\/\/www.grhs.uqam.ca\/\"><span class=\"s2\">Groupe de Recherche en Histoire des Sociabilit\u00e9s<\/span><\/a> de l&rsquo;Universit\u00e9 du Qu\u00e9bec \u00e0 Montr\u00e9al et l\u2019h\u00f4pital Montfort.<\/span><\/p>\n<p class=\"p2\"><span class=\"s1\"><a href=\"https:\/\/chrs.uqam.ca\/actualites\/s-rie-conf-rences-du-professeur-georges-vigarello-sur-lhistoire-du-corps\">Pour en savoir plus sur les conf\u00e9rences<\/a><\/span><\/p>\n","protected":false},"excerpt":{"rendered":"<p>Les conf\u00e9rences sur l\u2019histoire du corps donn\u00e9es par le Pr Georges Vigarello (EHESS) au mois de septembre 2015 sont maintenant en ligne.\u00a0La premi\u00e8re porte sur l\u2019histoire du corps et la&#8230;<\/p>\n","protected":false},"author":3,"featured_media":443,"comment_status":"closed","ping_status":"closed","sticky":false,"template":"","format":"standard","meta":{"_monsterinsights_skip_tracking":false,"_monsterinsights_sitenote_active":false,"_monsterinsights_sitenote_note":"","_monsterinsights_sitenote_category":0,"footnotes":""},"categories":[3],"tags":[],"class_list":["post-441","post","type-post","status-publish","format-standard","has-post-thumbnail","hentry","category-actualites"],"_links":{"self":[{"href":"https:\/\/chrs.uqam.ca\/index.php\/wp-json\/wp\/v2\/posts\/441","targetHints":{"allow":["GET"]}}],"collection":[{"href":"https:\/\/chrs.uqam.ca\/index.php\/wp-json\/wp\/v2\/posts"}],"about":[{"href":"https:\/\/chrs.uqam.ca\/index.php\/wp-json\/wp\/v2\/types\/post"}],"author":[{"embeddable":true,"href":"https:\/\/chrs.uqam.ca\/index.php\/wp-json\/wp\/v2\/users\/3"}],"replies":[{"embeddable":true,"href":"https:\/\/chrs.uqam.ca\/index.php\/wp-json\/wp\/v2\/comments?post=441"}],"version-history":[{"count":0,"href":"https:\/\/chrs.uqam.ca\/index.php\/wp-json\/wp\/v2\/posts\/441\/revisions"}],"wp:featuredmedia":[{"embeddable":true,"href":"https:\/\/chrs.uqam.ca\/index.php\/wp-json\/wp\/v2\/media\/443"}],"wp:attachment":[{"href":"https:\/\/chrs.uqam.ca\/index.php\/wp-json\/wp\/v2\/media?parent=441"}],"wp:term":[{"taxonomy":"category","embeddable":true,"href":"https:\/\/chrs.uqam.ca\/index.php\/wp-json\/wp\/v2\/categories?post=441"},{"taxonomy":"post_tag","embeddable":true,"href":"https:\/\/chrs.uqam.ca\/index.php\/wp-json\/wp\/v2\/tags?post=441"}],"curies":[{"name":"wp","href":"https:\/\/api.w.org\/{rel}","templated":true}]}}