{"id":4285,"date":"2018-04-25T17:20:40","date_gmt":"2018-04-25T21:20:40","guid":{"rendered":"https:\/\/chrs.dev.uqam.ca\/?p=4285"},"modified":"2018-09-18T10:24:58","modified_gmt":"2018-09-18T14:24:58","slug":"invitation-au-colloque-du-chrs-vers-une-histoire-politique-du-capitalisme-dans-le-cadre-de-la-conference-internationale-la-grande-transition","status":"publish","type":"post","link":"https:\/\/chrs.uqam.ca\/index.php\/2018\/04\/25\/invitation-au-colloque-du-chrs-vers-une-histoire-politique-du-capitalisme-dans-le-cadre-de-la-conference-internationale-la-grande-transition\/","title":{"rendered":"Invitation au colloque du CHRS <i>Vers une histoire politique du capitalisme?<\/i>, dans le cadre de la conf\u00e9rence internationale <i>La Grande transition<\/i>"},"content":{"rendered":"<p><a href=\"https:\/\/chrs.uqam.ca\/wp-content\/uploads\/2018\/04\/28058534_2152278551669187_2455574450088819919_n.jpg\"><img loading=\"lazy\" decoding=\"async\" class=\"aligncenter size-full wp-image-4286\" src=\"https:\/\/chrs.uqam.ca\/wp-content\/uploads\/2018\/04\/28058534_2152278551669187_2455574450088819919_n.jpg\" alt=\"\" width=\"960\" height=\"502\" srcset=\"https:\/\/chrs.uqam.ca\/wp-content\/uploads\/2018\/04\/28058534_2152278551669187_2455574450088819919_n.jpg 960w, https:\/\/chrs.uqam.ca\/wp-content\/uploads\/2018\/04\/28058534_2152278551669187_2455574450088819919_n-300x157.jpg 300w, https:\/\/chrs.uqam.ca\/wp-content\/uploads\/2018\/04\/28058534_2152278551669187_2455574450088819919_n-768x402.jpg 768w\" sizes=\"auto, (max-width: 960px) 100vw, 960px\" \/><\/a>Le CHRS vous invite \u00e0 assister \u00e0 son colloque <i>Vers une histoire politique du capitalisme?<\/i>, qui aura lieu le samedi 19 mai \u00e0 l&rsquo;UQAM. Les locaux ainsi que la description compl\u00e8te des panels seront publi\u00e9s sous peu. Il est n\u00e9cessaire de <a href=\"https:\/\/thegreattransition.net\/fr\/accueil\/#section4\" target=\"_blank\">s&rsquo;inscrire en ligne<\/a>.<\/p>\n<p>Ce colloque s&rsquo;inscrit dans le cadre de la conf\u00e9rence internationale <i>La Grande transition<\/i> qui se d\u00e9roulera \u00e0 Montr\u00e9al du 17 au 20 mai 2018. Cet \u00e9v\u00e9nement de 4 jours vise \u00e0 rassembler un millier de participant\u00b7e\u00b7s pour discuter des critiques du capitalisme et des mod\u00e8les d&rsquo;organisation \u00e9conomique alternatifs.<\/p>\n<p>&nbsp;<\/p>\n<p style=\"text-align: center;\"><strong>PROGRAMME<\/strong><br \/>\n<em> Vers une histoire politique du capitalisme\u00a0?<\/em><br \/>\nColloque du Centre d\u2019histoire des r\u00e9gulations sociales<br \/>\nSamedi, 19 mai 2018<br \/>\nPavillon Sherbrooke (200, Sherbrooke Ouest), UQAM<br \/>\nLocal SH-2120<\/p>\n<p>Comit\u00e9 organisateur : <a href=\"https:\/\/chrs.uqam.ca\/index.php\/a-propos\/equipe\/membres-etudiants\/jaouad-laaroussi\/\" target=\"_blank\">Jaouad Laaroussi<\/a>, <a href=\"https:\/\/chrs.uqam.ca\/index.php\/a-propos\/equipe\/membres-etudiants\/benoit-marsan\/\" target=\"_blank\">Benoit Marsan<\/a>, <a href=\"https:\/\/chrs.uqam.ca\/index.php\/a-propos\/equipe\/membres-reguliers\/martin-petitclerc\/\" target=\"_blank\">Martin Petitclerc<\/a>, <a href=\"https:\/\/chrs.uqam.ca\/index.php\/a-propos\/equipe\/membres-etudiants\/camille-robert\/\" target=\"_blank\">Camille Robert<\/a>, David Saint-Denis-Lis\u00e9e et Robert Sweeny.<\/p>\n<p>&nbsp;<\/p>\n<p><strong>9h30-11h00\u00a0: Femmes, travail et reproduction sociale<\/strong><br \/>\nPr\u00e9sidence: Magda Fahrni (professeure, histoire, UQAM)<\/p>\n<ul>\n<li>Roxane B\u00e9lisle (ma\u00eetrise, sociologie, UQAM) : <em>Le capitalisme, les Juifs et les femmes dans le nationalisme de Lionel Groulx : la n\u00e9cessit\u00e9 de penser la r\u00e9sistance au capitalisme dans une perspective intersectionelle<\/em><\/li>\n<li>Marie-Pierre Boucher (professeure, relations industrielles, UQO) : <em>Revenu garanti, salarisation et marchandisation de la vie<\/em><\/li>\n<li>Camille Robert (doctorante, histoire, UQAM) : <em>Apports de la pens\u00e9e marxiste dans la conceptualisation des activit\u00e9s domestiques comme travail<\/em><\/li>\n<\/ul>\n<p>&nbsp;<\/p>\n<p><strong>11h30-13h00\u00a0: \u00c9tat, propri\u00e9t\u00e9 et colonialisme<\/strong><br \/>\nPr\u00e9sidence: Dalie Giroux (professeure, \u00e9tudes politiques, Universit\u00e9 d\u2019Ottawa)<\/p>\n<ul>\n<li>Brian Gettler (professeur, histoire, U. Toronto) et Isabelle Bouchard (professeure, histoire, UQTR) : <em>Un march\u00e9 des terres autochtones? La propri\u00e9t\u00e9 fonci\u00e8re \u00e0 Odanak et Wendake au 19e si\u00e8cle<\/em><\/li>\n<li>Louis-Philippe Lavall\u00e9e (doctorat, histoire, McGill) : <em>L\u2019Acte seigneurial de 1854 en perspective: propri\u00e9t\u00e9 et am\u00e9lioration (improvement) au Bas-Canada<\/em><\/li>\n<li>Robert Sweeny (professeur, histoire, U. Terre-Neuve) : <em>L\u2019\u00e9tat des choses sur l\u2019\u00c9tat<\/em><\/li>\n<\/ul>\n<p>&nbsp;<\/p>\n<p><strong>14h00\u201315h30 : Contestations et aspirations anticapitalistes au XXe si\u00e8cle<\/strong><br \/>\nPr\u00e9sidence: Thierry Drapeau (charg\u00e9 de cours, relations industrielles, Universit\u00e9 du Qu\u00e9bec en Outaouais)<\/p>\n<ul>\n<li>Genevi\u00e8ve Dorais (professeure, histoire, UQAM) : <em>Double-jeu: L&rsquo;Am\u00e9rique latine comme laboratoire de r\u00e9sistance anti-imp\u00e9rialiste et d&rsquo;expansion du capitalisme mondial<\/em><\/li>\n<li>Francis Dolan (ma\u00eetrise, sciences politiques, UQAM) : D<em>es exp\u00e9riences autogestionnaires de Mai \u00e0 l\u2019autogestion comme perspective r\u00e9volutionnaire<\/em><\/li>\n<li>David St-Denis Lis\u00e9e (ma\u00eetrise, histoire, UQAM) : <em>1978 : la crise du mouvement r\u00e9volutionnaire. Le cas du groupe En Lutte!<\/em><\/li>\n<li>Jaouad Laaroussi (doctorant, histoire, UQAM) : <em>\u00ab R\u00e9volution tranquille\u00a0\u00bb : M\u00e9moire d\u2019\u00c9tat ou m\u00e9moire de la r\u00e9sistance?<\/em><\/li>\n<\/ul>\n<p>&nbsp;<\/p>\n<p><strong>16h00-17h30\u00a0: De l\u2019\u00e9conomie morale \u00e0 l\u2019immoralit\u00e9 n\u00e9olib\u00e9rale<\/strong><br \/>\nPr\u00e9sidence : S\u00e9bastien Rioux (professeur, g\u00e9ographie, Universit\u00e9 de Montr\u00e9al)<\/p>\n<ul>\n<li>Alexandre Lapalme (doctorant, histoire, UdM) : <em>Cr\u00e9dit, morale et soci\u00e9t\u00e9 \u00e0 Montr\u00e9al au 19e si\u00e8cle<\/em><\/li>\n<li>Moscha Yannissi (sociologue, intervenante psychosociale) : <em>R\u00e9gulations politiques et sociales du travail durant la premi\u00e8re moiti\u00e9 du vingti\u00e8me si\u00e8cle en Italie et en URSS<\/em><\/li>\n<li>Cory Verbauwhede (doctorant, histoire, UQAM) : <em>L\u2019\u00e9cole de la r\u00e9gulation au Qu\u00e9bec : les travaux du Projet accumulation et r\u00e9gulation au Qu\u00e9bec (PARQ)<\/em><\/li>\n<li>Martin Petitclerc (professeur, histoire, UQAM) : <em>Comment faire l\u2019histoire de l\u2019exp\u00e9rience quotidienne de la gouvernance n\u00e9olib\u00e9rale?<\/em><\/li>\n<\/ul>\n<p>&nbsp;<\/p>\n<p>Pour consulter la programmation compl\u00e8te, <a href=\"https:\/\/chrs.uqam.ca\/wp-content\/uploads\/2018\/05\/Programme-final-CHRS.pdf\" target=\"_blank\">cliquez ici<\/a>.<\/p>\n","protected":false},"excerpt":{"rendered":"<p>Le CHRS vous invite \u00e0 assister \u00e0 son colloque Vers une histoire politique du capitalisme?, qui aura lieu le samedi 19 mai \u00e0 l&rsquo;UQAM. Les locaux ainsi que la description&#8230;<\/p>\n","protected":false},"author":2,"featured_media":4286,"comment_status":"closed","ping_status":"closed","sticky":false,"template":"","format":"standard","meta":{"_monsterinsights_skip_tracking":false,"_monsterinsights_sitenote_active":false,"_monsterinsights_sitenote_note":"","_monsterinsights_sitenote_category":0,"footnotes":""},"categories":[569,5],"tags":[566,32,28,562,40,13,561],"class_list":["post-4285","post","type-post","status-publish","format-standard","has-post-thumbnail","hentry","category-activites-scientifiques-chrs","category-colloques-et-conferences","tag-alexandre-lapalme","tag-benoit-marsan","tag-camille-robert","tag-david-saint-denis-lisee","tag-jaouad-laaroussi","tag-martin-petitclerc","tag-robert-sweeny"],"_links":{"self":[{"href":"https:\/\/chrs.uqam.ca\/index.php\/wp-json\/wp\/v2\/posts\/4285","targetHints":{"allow":["GET"]}}],"collection":[{"href":"https:\/\/chrs.uqam.ca\/index.php\/wp-json\/wp\/v2\/posts"}],"about":[{"href":"https:\/\/chrs.uqam.ca\/index.php\/wp-json\/wp\/v2\/types\/post"}],"author":[{"embeddable":true,"href":"https:\/\/chrs.uqam.ca\/index.php\/wp-json\/wp\/v2\/users\/2"}],"replies":[{"embeddable":true,"href":"https:\/\/chrs.uqam.ca\/index.php\/wp-json\/wp\/v2\/comments?post=4285"}],"version-history":[{"count":0,"href":"https:\/\/chrs.uqam.ca\/index.php\/wp-json\/wp\/v2\/posts\/4285\/revisions"}],"wp:featuredmedia":[{"embeddable":true,"href":"https:\/\/chrs.uqam.ca\/index.php\/wp-json\/wp\/v2\/media\/4286"}],"wp:attachment":[{"href":"https:\/\/chrs.uqam.ca\/index.php\/wp-json\/wp\/v2\/media?parent=4285"}],"wp:term":[{"taxonomy":"category","embeddable":true,"href":"https:\/\/chrs.uqam.ca\/index.php\/wp-json\/wp\/v2\/categories?post=4285"},{"taxonomy":"post_tag","embeddable":true,"href":"https:\/\/chrs.uqam.ca\/index.php\/wp-json\/wp\/v2\/tags?post=4285"}],"curies":[{"name":"wp","href":"https:\/\/api.w.org\/{rel}","templated":true}]}}