{"id":422,"date":"2016-04-18T20:50:16","date_gmt":"2016-04-18T19:50:16","guid":{"rendered":"http:\/\/chrs.cieq.ca\/?p=422"},"modified":"2017-05-03T16:03:38","modified_gmt":"2017-05-03T20:03:38","slug":"programmes-du-colloque-du-reseau-historiens-de-la-sante-acfas-et-de-la-conference-des-etudiant-e-s-de-lunite-de-recherche-sur-lhistoire-du-nursing","status":"publish","type":"post","link":"https:\/\/chrs.uqam.ca\/index.php\/2016\/04\/18\/programmes-du-colloque-du-reseau-historiens-de-la-sante-acfas-et-de-la-conference-des-etudiant-e-s-de-lunite-de-recherche-sur-lhistoire-du-nursing\/","title":{"rendered":"Programmes du colloque du r\u00e9seau Historiens de la sant\u00e9 (ACFAS) et de la conf\u00e9rence des \u00e9tudiant.e.s de l&rsquo;unit\u00e9 de recherche sur l&rsquo;histoire du nursing"},"content":{"rendered":"<p class=\"p1\"><img loading=\"lazy\" decoding=\"async\" class=\"size-medium wp-image-2190 aligncenter\" src=\"\/wp-content\/uploads\/2016\/10\/nouveaulogochrsfonce-300x107.jpg\" alt=\"\" width=\"300\" height=\"107\" \/><\/p>\n<p class=\"p1\"><span class=\"s1\">Voici les programmes pour\u00a0le colloque du r\u00e9seau Historiens de la sant\u00e9 (ACFAS) et la conf\u00e9rence des \u00e9tudiant.e.s de l&rsquo;unit\u00e9 de recherche sur l&rsquo;histoire du nursing.<\/span><\/p>\n<p class=\"p1\"><span class=\"s1\">Le troisi\u00e8me <a href=\"http:\/\/histoiresante.blogspot.ca\/2016\/04\/histoire-des-relations-de-sante-aux.html\"><span class=\"s2\">colloque du r\u00e9seau Historiens de la sant\u00e9<\/span><\/a>, qui se tiendra \u00e0 Montr\u00e9al le 11 mai prochain, dans le cadre du 84e congr\u00e8s de l\u2019ACFAS. Il sera consacr\u00e9 \u00e0 l\u2019histoire des relations de sant\u00e9. \u00a0Pour voir le programme<\/span><\/p>\n<p class=\"p1\"><a href=\"\/wp-content\/uploads\/2016\/04\/Histoire-des-relations-de-sante\u0301-ACFAS-2016-Programme-1.pdf\">Histoire des relations de sante\u0301 -ACFAS 2016 Programme<\/a><\/p>\n<p class=\"p1\"><span class=\"s1\">\u00c0 noter que se tiendra \u00e9galement, \u00e0 cette occasion, le lancement du premier ouvrage du r\u00e9seau, paru en 2015 aux Presses de l\u2019Universit\u00e9 Laval, et intitul\u00e9\u00a0<a href=\"https:\/\/www.pulaval.com\/produit\/histoire-de-la-sante-xviiie-xxe-siecles-nouvelles-recherches-francophones\"><span class=\"s2\">Histoire de la sant\u00e9 XVIIIe-XXe si\u00e8cles. Nouvelles recherches francophones<\/span><\/a>.<\/span><\/p>\n<p class=\"p1\"><span class=\"s1\">L&rsquo;unit\u00e9 de recherche sur l&rsquo;histoire du nursing organise le 19 mai 2016 une journ\u00e9e de conf\u00e9rences donn\u00e9es par les \u00e9tudiant.e.s. Cette journ\u00e9e aura pour th\u00e8me\u00a0Briser les silences de l&rsquo;histoire du nursing et de la sant\u00e9. Elle se tiendra \u00e0 l&rsquo;universit\u00e9 d&rsquo;Ottawa et l&rsquo;inscription y est obligatoire. Pour en savoir plus<\/span><\/p>\n<p class=\"p1\"><a href=\"\/wp-content\/uploads\/2016\/04\/Conference-Poster-French-FINAL.pdf\">Conference Poster French-FINAL<\/a><\/p>\n","protected":false},"excerpt":{"rendered":"<p>Voici les programmes pour\u00a0le colloque du r\u00e9seau Historiens de la sant\u00e9 (ACFAS) et la conf\u00e9rence des \u00e9tudiant.e.s de l&rsquo;unit\u00e9 de recherche sur l&rsquo;histoire du nursing. Le troisi\u00e8me colloque du r\u00e9seau&#8230;<\/p>\n","protected":false},"author":3,"featured_media":2202,"comment_status":"closed","ping_status":"closed","sticky":false,"template":"","format":"standard","meta":{"_monsterinsights_skip_tracking":false,"_monsterinsights_sitenote_active":false,"_monsterinsights_sitenote_note":"","_monsterinsights_sitenote_category":0,"footnotes":""},"categories":[3],"tags":[14],"class_list":["post-422","post","type-post","status-publish","format-standard","has-post-thumbnail","hentry","category-actualites","tag-marie-claude-thifault"],"_links":{"self":[{"href":"https:\/\/chrs.uqam.ca\/index.php\/wp-json\/wp\/v2\/posts\/422","targetHints":{"allow":["GET"]}}],"collection":[{"href":"https:\/\/chrs.uqam.ca\/index.php\/wp-json\/wp\/v2\/posts"}],"about":[{"href":"https:\/\/chrs.uqam.ca\/index.php\/wp-json\/wp\/v2\/types\/post"}],"author":[{"embeddable":true,"href":"https:\/\/chrs.uqam.ca\/index.php\/wp-json\/wp\/v2\/users\/3"}],"replies":[{"embeddable":true,"href":"https:\/\/chrs.uqam.ca\/index.php\/wp-json\/wp\/v2\/comments?post=422"}],"version-history":[{"count":0,"href":"https:\/\/chrs.uqam.ca\/index.php\/wp-json\/wp\/v2\/posts\/422\/revisions"}],"wp:featuredmedia":[{"embeddable":true,"href":"https:\/\/chrs.uqam.ca\/index.php\/wp-json\/wp\/v2\/media\/2202"}],"wp:attachment":[{"href":"https:\/\/chrs.uqam.ca\/index.php\/wp-json\/wp\/v2\/media?parent=422"}],"wp:term":[{"taxonomy":"category","embeddable":true,"href":"https:\/\/chrs.uqam.ca\/index.php\/wp-json\/wp\/v2\/categories?post=422"},{"taxonomy":"post_tag","embeddable":true,"href":"https:\/\/chrs.uqam.ca\/index.php\/wp-json\/wp\/v2\/tags?post=422"}],"curies":[{"name":"wp","href":"https:\/\/api.w.org\/{rel}","templated":true}]}}