{"id":410,"date":"2016-06-07T20:07:54","date_gmt":"2016-06-07T19:07:54","guid":{"rendered":"http:\/\/chrs.cieq.ca\/?p=410"},"modified":"2017-05-03T15:22:50","modified_gmt":"2017-05-03T19:22:50","slug":"le-prix-jean-marie-fecteau-2016-de-la-societe-historique-du-canada-remporte-par-daniel-ross","status":"publish","type":"post","link":"https:\/\/chrs.uqam.ca\/index.php\/2016\/06\/07\/le-prix-jean-marie-fecteau-2016-de-la-societe-historique-du-canada-remporte-par-daniel-ross\/","title":{"rendered":"Le prix Jean-Marie-Fecteau 2016 de la Soci\u00e9t\u00e9 historique du Canada remport\u00e9 par Daniel Ross"},"content":{"rendered":"<p class=\"p1\">\n<p class=\"p1\"><span class=\"s1\"><img loading=\"lazy\" decoding=\"async\" class=\"size-medium wp-image-1637 alignright\" src=\"\/wp-content\/uploads\/2017\/02\/CHAlogo-300x118.jpg\" alt=\"\" width=\"300\" height=\"118\" srcset=\"https:\/\/chrs.uqam.ca\/wp-content\/uploads\/2017\/02\/CHAlogo-300x118.jpg 300w, https:\/\/chrs.uqam.ca\/wp-content\/uploads\/2017\/02\/CHAlogo.jpg 376w\" sizes=\"auto, (max-width: 300px) 100vw, 300px\" \/>Le prix Jean-Marie-Fecteau 2016 de la <a href=\"http:\/\/www.cha-shc.ca\/francais\/a-propos\/quest-ce-que-la-shc.html#sthash.cJNsWAks.dpbs\">Soci\u00e9t\u00e9 historique du Canada<\/a>, r\u00e9compensant le meilleur article publi\u00e9 dans une revue scientifique par un \u00e9tudiant des cycles sup\u00e9rieurs, a \u00e9t\u00e9 attribu\u00e9 \u00e0 Daniel Ross, pour son article intitul\u00e9 \u00ab\u00a0\u00bbVive la v\u00e9lorution !\u00a0\u00bb : Le Monde \u00e0 bicyclette et les origines du mouvement cycliste \u00e0 Montr\u00e9al, 1975-1980 \u00bb, Bulletin d&rsquo;histoire politique, vol. 23, n\u00b0 2, 2015.<\/span><\/p>\n<p class=\"p2\"><span class=\"s1\"><a href=\"http:\/\/www.cha-shc.ca\/francais\/ce-que-nous-faisons\/prix-de-la-shc\/prix-etudiant-de-la-shc.html#sthash.IM5tkiiO.dpbs\">Pour en savoir plus sur le prix et les gagnants des autres ann\u00e9es.<\/a><\/span><\/p>\n<p class=\"p1\"><span class=\"s1\">F\u00e9licitations au gagnant.<\/span><\/p>\n","protected":false},"excerpt":{"rendered":"<p>Le prix Jean-Marie-Fecteau 2016 de la Soci\u00e9t\u00e9 historique du Canada, r\u00e9compensant le meilleur article publi\u00e9 dans une revue scientifique par un \u00e9tudiant des cycles sup\u00e9rieurs, a \u00e9t\u00e9 attribu\u00e9 \u00e0 Daniel&#8230;<\/p>\n","protected":false},"author":3,"featured_media":1637,"comment_status":"closed","ping_status":"closed","sticky":false,"template":"","format":"standard","meta":{"_monsterinsights_skip_tracking":false,"_monsterinsights_sitenote_active":false,"_monsterinsights_sitenote_note":"","_monsterinsights_sitenote_category":0,"footnotes":""},"categories":[3],"tags":[],"class_list":["post-410","post","type-post","status-publish","format-standard","has-post-thumbnail","hentry","category-actualites"],"_links":{"self":[{"href":"https:\/\/chrs.uqam.ca\/index.php\/wp-json\/wp\/v2\/posts\/410","targetHints":{"allow":["GET"]}}],"collection":[{"href":"https:\/\/chrs.uqam.ca\/index.php\/wp-json\/wp\/v2\/posts"}],"about":[{"href":"https:\/\/chrs.uqam.ca\/index.php\/wp-json\/wp\/v2\/types\/post"}],"author":[{"embeddable":true,"href":"https:\/\/chrs.uqam.ca\/index.php\/wp-json\/wp\/v2\/users\/3"}],"replies":[{"embeddable":true,"href":"https:\/\/chrs.uqam.ca\/index.php\/wp-json\/wp\/v2\/comments?post=410"}],"version-history":[{"count":0,"href":"https:\/\/chrs.uqam.ca\/index.php\/wp-json\/wp\/v2\/posts\/410\/revisions"}],"wp:featuredmedia":[{"embeddable":true,"href":"https:\/\/chrs.uqam.ca\/index.php\/wp-json\/wp\/v2\/media\/1637"}],"wp:attachment":[{"href":"https:\/\/chrs.uqam.ca\/index.php\/wp-json\/wp\/v2\/media?parent=410"}],"wp:term":[{"taxonomy":"category","embeddable":true,"href":"https:\/\/chrs.uqam.ca\/index.php\/wp-json\/wp\/v2\/categories?post=410"},{"taxonomy":"post_tag","embeddable":true,"href":"https:\/\/chrs.uqam.ca\/index.php\/wp-json\/wp\/v2\/tags?post=410"}],"curies":[{"name":"wp","href":"https:\/\/api.w.org\/{rel}","templated":true}]}}