{"id":398,"date":"2016-09-08T19:20:59","date_gmt":"2016-09-08T18:20:59","guid":{"rendered":"http:\/\/chrs.cieq.ca\/?p=398"},"modified":"2017-05-03T14:56:14","modified_gmt":"2017-05-03T18:56:14","slug":"lancement-du-dernier-numero-du-bulletin-dhistoire-politique-des-marges-et-des-normes-reflexions-sur-la-carriere-de-jean-marie-fecteau","status":"publish","type":"post","link":"https:\/\/chrs.uqam.ca\/index.php\/2016\/09\/08\/lancement-du-dernier-numero-du-bulletin-dhistoire-politique-des-marges-et-des-normes-reflexions-sur-la-carriere-de-jean-marie-fecteau\/","title":{"rendered":"Lancement du dernier num\u00e9ro du Bulletin d\u2019histoire politique, \u00ab Des marges et des normes. R\u00e9flexions sur la carri\u00e8re de Jean-Marie Fecteau \u00bb"},"content":{"rendered":"<p class=\"p1\"><img loading=\"lazy\" decoding=\"async\" class=\"size-full wp-image-399 alignright\" src=\"\/wp-content\/uploads\/2017\/02\/bhp_marges_et_normes-vol-25-no1.jpg\" alt=\"\" width=\"180\" height=\"270\" \/><\/p>\n<p class=\"p1\"><span class=\"s1\">Vendredi le 2 septembre 2016, \u00e0 l\u2019\u00c9comus\u00e9e du fier monde, avait lieu dans le cadre du cocktail de fermeture du <a href=\"http:\/\/questionsociale.uqam.ca\/\"><span class=\"s2\">Colloque question sociale et citoyennet\u00e9<\/span><\/a>, le lancement du dernier num\u00e9ro du Bulletin d\u2019histoire politique en hommage \u00e0 la carri\u00e8re de <a href=\"\/index.php\/a-propos\/equipe\/membres-reguliers\/jean-marie-fecteau\/\">Jean-Marie Fecteau<\/a> (1949 \u2013 2012). Le num\u00e9ro est dirig\u00e9 par Catherine Larochelle, doctorante \u00e0 l\u2019Universit\u00e9 de Montr\u00e9al, Martin Robert, doctorant \u00e0 l\u2019UQAM et <a href=\"\/index.php\/a-propos\/equipe\/membres-reguliers\/martin-petitclerc\/\">Martin Petitclerc<\/a>, directeur du CHRS. Plusieurs autres membres du CHRS et anciens assistants ont collabor\u00e9s \u00e0 ce num\u00e9ro du BHP\u00a0: Cory Verbauwhede, <a href=\"\/index.php\/a-propos\/equipe\/chercheurs-affilies\/marco-cicchini\/\">Marco Cicchini<\/a>, Louise Bienvenue, Annie Lyonnais, Mathilde Cambron-Goulet et Marie-Christine Giroux.<\/span><\/p>\n<p class=\"p1\"><span class=\"s1\">Le dossier se partage en deux grandes sections. La premi\u00e8re, intitul\u00e9e\u00a0Id\u00e9es, pr\u00e9sente des textes d\u2019analyse s\u2019int\u00e9ressant au travail \u00e9crit, notamment \u00e0 l\u2019effort th\u00e9orique, de <a href=\"\/index.php\/a-propos\/equipe\/membres-reguliers\/jean-marie-fecteau\/\">Jean-Marie Fecteau<\/a>.\u00a0Dans la seconde section du dossier, l\u2019analyse des \u00e9crits laisse place aux t\u00e9moignages.<\/span><\/p>\n<p class=\"p3\"><span class=\"s1\"><a href=\"http:\/\/www.bulletinhistoirepolitique.org\/le-bulletin\/numeros-precedents\/volume-25-numero-1\/des-marges-et-des-normes-reflexions-et-temoignages-sur-la-carriere-de-jean-marie-fecteau-1949-2012\/\">Pour en savoir plus sur le num\u00e9ro.<\/a><\/span><\/p>\n","protected":false},"excerpt":{"rendered":"<p>Vendredi le 2 septembre 2016, \u00e0 l\u2019\u00c9comus\u00e9e du fier monde, avait lieu dans le cadre du cocktail de fermeture du Colloque question sociale et citoyennet\u00e9, le lancement du dernier num\u00e9ro&#8230;<\/p>\n","protected":false},"author":3,"featured_media":399,"comment_status":"closed","ping_status":"closed","sticky":false,"template":"","format":"standard","meta":{"_monsterinsights_skip_tracking":false,"_monsterinsights_sitenote_active":false,"_monsterinsights_sitenote_note":"","_monsterinsights_sitenote_category":0,"footnotes":""},"categories":[3],"tags":[51,43,30,18,4,21,52,13,33],"class_list":["post-398","post","type-post","status-publish","format-standard","has-post-thumbnail","hentry","category-actualites","tag-annie-lyonnais","tag-catherine-larochelle","tag-cory-verbauwhede","tag-jean-marie-fecteau","tag-louise-bienvenue","tag-marco-cicchini","tag-marie-christine-giroux","tag-martin-petitclerc","tag-martin-robert"],"_links":{"self":[{"href":"https:\/\/chrs.uqam.ca\/index.php\/wp-json\/wp\/v2\/posts\/398","targetHints":{"allow":["GET"]}}],"collection":[{"href":"https:\/\/chrs.uqam.ca\/index.php\/wp-json\/wp\/v2\/posts"}],"about":[{"href":"https:\/\/chrs.uqam.ca\/index.php\/wp-json\/wp\/v2\/types\/post"}],"author":[{"embeddable":true,"href":"https:\/\/chrs.uqam.ca\/index.php\/wp-json\/wp\/v2\/users\/3"}],"replies":[{"embeddable":true,"href":"https:\/\/chrs.uqam.ca\/index.php\/wp-json\/wp\/v2\/comments?post=398"}],"version-history":[{"count":0,"href":"https:\/\/chrs.uqam.ca\/index.php\/wp-json\/wp\/v2\/posts\/398\/revisions"}],"wp:featuredmedia":[{"embeddable":true,"href":"https:\/\/chrs.uqam.ca\/index.php\/wp-json\/wp\/v2\/media\/399"}],"wp:attachment":[{"href":"https:\/\/chrs.uqam.ca\/index.php\/wp-json\/wp\/v2\/media?parent=398"}],"wp:term":[{"taxonomy":"category","embeddable":true,"href":"https:\/\/chrs.uqam.ca\/index.php\/wp-json\/wp\/v2\/categories?post=398"},{"taxonomy":"post_tag","embeddable":true,"href":"https:\/\/chrs.uqam.ca\/index.php\/wp-json\/wp\/v2\/tags?post=398"}],"curies":[{"name":"wp","href":"https:\/\/api.w.org\/{rel}","templated":true}]}}