{"id":350,"date":"2016-11-14T03:35:24","date_gmt":"2016-11-14T02:35:24","guid":{"rendered":"http:\/\/chrs.cieq.ca\/?p=350"},"modified":"2017-05-03T14:45:31","modified_gmt":"2017-05-03T18:45:31","slug":"martin-petitclerc-et-cory-verbauwhede-signent-un-article-dans-le-devoir-contre-la-reforme-de-laide-sociale","status":"publish","type":"post","link":"https:\/\/chrs.uqam.ca\/index.php\/2016\/11\/14\/martin-petitclerc-et-cory-verbauwhede-signent-un-article-dans-le-devoir-contre-la-reforme-de-laide-sociale\/","title":{"rendered":"Martin Petitclerc et Cory Verbauwhede signent un article dans le Devoir contre la r\u00e9forme de l&rsquo;aide sociale"},"content":{"rendered":"<figure id=\"attachment_1055\" aria-describedby=\"caption-attachment-1055\" style=\"width: 300px\" class=\"wp-caption alignright\"><img loading=\"lazy\" decoding=\"async\" class=\"wp-image-1055 size-medium\" src=\"\/wp-content\/uploads\/2016\/11\/image_le_devoir-300x193.jpg\" width=\"300\" height=\"193\" \/><figcaption id=\"caption-attachment-1055\" class=\"wp-caption-text\">source: Le Devoir<\/figcaption><\/figure>\n<p class=\"p1\"><span class=\"s1\">En effet, <a href=\"\/index.php\/a-propos\/equipe\/membres-reguliers\/martin-petitclerc\/\">Martin Petitclerc<\/a> et Cory Verbauwhede, doctorant au CHRS, d\u00e9noncent le projet de loi 70 (devenu la loi 25) visant \u00e0 r\u00e9former le programme d&rsquo;aide sociale qui fut adopt\u00e9 \u00e0 l&rsquo;Assembl\u00e9e nationale le 10 novembre dernier.\u00a0<\/span><\/p>\n<p class=\"p1\"><span class=\"s1\">Pour ces derniers, derri\u00e8re cette nouvelle attaque aux droits des assist\u00e9s sociaux se profile la question sociale qui a travers\u00e9 l\u2019histoire des soci\u00e9t\u00e9s d\u00e9mocratiques depuis plus de 200 ans. Cette loi illustre la lente \u00e9rosion, ressentie surtout depuis le tournant des ann\u00e9es 1980, de la \u00ab citoyennet\u00e9 sociale \u00bb. L\u2019enjeu fondamental de cette r\u00e9forme est quand rendant conditionnelle une bonne partie de l\u2019aide de dernier recours, le gouvernement lib\u00e9ral vise \u00e0 instaurer la peur de la faim chez les nouveaux demandeurs d\u2019assistance et leurs familles.<\/span><\/p>\n<p class=\"p1\">Pour lire l&rsquo;article, <a href=\"http:\/\/www.ledevoir.com\/societe\/actualites-en-societe\/484544\/reforme-l-aide-sociale-et-la-peur-de-la-faim\">cliquez ici<\/a><\/p>\n","protected":false},"excerpt":{"rendered":"<p>En effet, Martin Petitclerc et Cory Verbauwhede, doctorant au CHRS, d\u00e9noncent le projet de loi 70 (devenu la loi 25) visant \u00e0 r\u00e9former le programme d&rsquo;aide sociale qui fut adopt\u00e9&#8230;<\/p>\n","protected":false},"author":3,"featured_media":1055,"comment_status":"closed","ping_status":"closed","sticky":false,"template":"","format":"standard","meta":{"_monsterinsights_skip_tracking":false,"_monsterinsights_sitenote_active":false,"_monsterinsights_sitenote_note":"","_monsterinsights_sitenote_category":0,"footnotes":""},"categories":[3],"tags":[30,13],"class_list":["post-350","post","type-post","status-publish","format-standard","has-post-thumbnail","hentry","category-actualites","tag-cory-verbauwhede","tag-martin-petitclerc"],"_links":{"self":[{"href":"https:\/\/chrs.uqam.ca\/index.php\/wp-json\/wp\/v2\/posts\/350","targetHints":{"allow":["GET"]}}],"collection":[{"href":"https:\/\/chrs.uqam.ca\/index.php\/wp-json\/wp\/v2\/posts"}],"about":[{"href":"https:\/\/chrs.uqam.ca\/index.php\/wp-json\/wp\/v2\/types\/post"}],"author":[{"embeddable":true,"href":"https:\/\/chrs.uqam.ca\/index.php\/wp-json\/wp\/v2\/users\/3"}],"replies":[{"embeddable":true,"href":"https:\/\/chrs.uqam.ca\/index.php\/wp-json\/wp\/v2\/comments?post=350"}],"version-history":[{"count":0,"href":"https:\/\/chrs.uqam.ca\/index.php\/wp-json\/wp\/v2\/posts\/350\/revisions"}],"wp:featuredmedia":[{"embeddable":true,"href":"https:\/\/chrs.uqam.ca\/index.php\/wp-json\/wp\/v2\/media\/1055"}],"wp:attachment":[{"href":"https:\/\/chrs.uqam.ca\/index.php\/wp-json\/wp\/v2\/media?parent=350"}],"wp:term":[{"taxonomy":"category","embeddable":true,"href":"https:\/\/chrs.uqam.ca\/index.php\/wp-json\/wp\/v2\/categories?post=350"},{"taxonomy":"post_tag","embeddable":true,"href":"https:\/\/chrs.uqam.ca\/index.php\/wp-json\/wp\/v2\/tags?post=350"}],"curies":[{"name":"wp","href":"https:\/\/api.w.org\/{rel}","templated":true}]}}