{"id":3063,"date":"2017-11-19T13:07:24","date_gmt":"2017-11-19T17:07:24","guid":{"rendered":"https:\/\/chrs.dev.uqam.ca\/?p=3063"},"modified":"2017-11-20T13:16:09","modified_gmt":"2017-11-20T17:16:09","slug":"appel-a-contributions-enjeux-et-perspectives-feministes-sur-le-logement-des-femmes","status":"publish","type":"post","link":"https:\/\/chrs.uqam.ca\/index.php\/2017\/11\/19\/appel-a-contributions-enjeux-et-perspectives-feministes-sur-le-logement-des-femmes\/","title":{"rendered":"Appel \u00e0 contributions :  Enjeux et perspectives f\u00e9ministes sur le logement des femmes."},"content":{"rendered":"<p>La conf\u00e9rence d\u2019ouverture se tiendra le 14 mai, \u00e0 l&rsquo;Universit\u00e9 du Qu\u00e9bec en Outaouais (UQO) \u00e0 Gatineau et les deux journ\u00e9es de colloque auront lieu les 15 et 16 mai \u00e0 l\u2019Universit\u00e9 du Qu\u00e9bec \u00e0 Montr\u00e9al (UQAM).<\/p>\n<p>En partenariat avec l\u2019OREGAND, le CEDIM, le CRV, le VRM<\/p>\n<p><a href=\"https:\/\/chrs.uqam.ca\/wp-content\/uploads\/2017\/11\/Appel-de-comm-Femmes-et-logement-2017-2018-final-OREGAN-CEDIM-CRV-VRM.pdf\">Pour voir l&rsquo;appel \u00e0 contributions<\/a>.<\/p>\n<p>Les propositions de communication doivent \u00eatre envoy\u00e9es avant le 19 janvier 2018. Elles doivent \u00eatre accompagn\u00e9es d\u2019un titre (m\u00eame provisoire), d&rsquo;un r\u00e9sum\u00e9 et d&rsquo;une courte description bibliographique.<\/p>\n","protected":false},"excerpt":{"rendered":"<p>La conf\u00e9rence d\u2019ouverture se tiendra le 14 mai, \u00e0 l&rsquo;Universit\u00e9 du Qu\u00e9bec en Outaouais (UQO) \u00e0 Gatineau et les deux journ\u00e9es de colloque auront lieu les 15 et 16 mai&#8230;<\/p>\n","protected":false},"author":2,"featured_media":2746,"comment_status":"closed","ping_status":"closed","sticky":false,"template":"","format":"standard","meta":{"_monsterinsights_skip_tracking":false,"_monsterinsights_sitenote_active":false,"_monsterinsights_sitenote_note":"","_monsterinsights_sitenote_category":0,"footnotes":""},"categories":[5],"tags":[],"class_list":["post-3063","post","type-post","status-publish","format-standard","has-post-thumbnail","hentry","category-colloques-et-conferences"],"_links":{"self":[{"href":"https:\/\/chrs.uqam.ca\/index.php\/wp-json\/wp\/v2\/posts\/3063","targetHints":{"allow":["GET"]}}],"collection":[{"href":"https:\/\/chrs.uqam.ca\/index.php\/wp-json\/wp\/v2\/posts"}],"about":[{"href":"https:\/\/chrs.uqam.ca\/index.php\/wp-json\/wp\/v2\/types\/post"}],"author":[{"embeddable":true,"href":"https:\/\/chrs.uqam.ca\/index.php\/wp-json\/wp\/v2\/users\/2"}],"replies":[{"embeddable":true,"href":"https:\/\/chrs.uqam.ca\/index.php\/wp-json\/wp\/v2\/comments?post=3063"}],"version-history":[{"count":0,"href":"https:\/\/chrs.uqam.ca\/index.php\/wp-json\/wp\/v2\/posts\/3063\/revisions"}],"wp:featuredmedia":[{"embeddable":true,"href":"https:\/\/chrs.uqam.ca\/index.php\/wp-json\/wp\/v2\/media\/2746"}],"wp:attachment":[{"href":"https:\/\/chrs.uqam.ca\/index.php\/wp-json\/wp\/v2\/media?parent=3063"}],"wp:term":[{"taxonomy":"category","embeddable":true,"href":"https:\/\/chrs.uqam.ca\/index.php\/wp-json\/wp\/v2\/categories?post=3063"},{"taxonomy":"post_tag","embeddable":true,"href":"https:\/\/chrs.uqam.ca\/index.php\/wp-json\/wp\/v2\/tags?post=3063"}],"curies":[{"name":"wp","href":"https:\/\/api.w.org\/{rel}","templated":true}]}}