{"id":2076,"date":"2017-03-21T17:40:30","date_gmt":"2017-03-21T16:40:30","guid":{"rendered":"http:\/\/chrs.cieq.ca\/?p=2076"},"modified":"2018-09-18T10:32:54","modified_gmt":"2018-09-18T14:32:54","slug":"conference-de-didier-nourrisson-la-sante-publique-un-moyen-historique-de-reguler-les-societes","status":"publish","type":"post","link":"https:\/\/chrs.uqam.ca\/index.php\/2017\/03\/21\/conference-de-didier-nourrisson-la-sante-publique-un-moyen-historique-de-reguler-les-societes\/","title":{"rendered":"Conf\u00e9rence de Didier Nourrisson : \u00a0\u00bb La sant\u00e9 publique, un moyen historique de r\u00e9guler les soci\u00e9t\u00e9s\u00a0\u00bb"},"content":{"rendered":"<p class=\"p1\" style=\"text-align: left;\"><span class=\"s1\"><img loading=\"lazy\" decoding=\"async\" class=\"size-full wp-image-2078 alignright\" src=\"\/wp-content\/uploads\/2017\/04\/nourrisson.png\" alt=\"\" width=\"261\" height=\"217\" \/>Le Centre d&rsquo;histoire des r\u00e9gulations sociales vous invite \u00e0 une s\u00e9ance exception du s\u00e9minaire interdisciplinaire \u00ab La sant\u00e9 en d\u00e9bat. Rencontres autour des recherches francophones en sciences humaines et sociales sur la sant\u00e9 \u00bb, organis\u00e9 par Pierre-Marie David (Universit\u00e9 Paris Diderot), Gabriel Girard (IRSPUM) et Alexandre Klein (Universit\u00e9 Laval) dans le cadre des activit\u00e9s du r\u00e9seau Qu\u00e9bec Sciences Sociales et Sant\u00e9 (Q3S). Pour cette conf\u00e9rence, le Q3S s\u2019associe au r\u00e9seau de recherches Historiens de la sant\u00e9 et au Centre d\u2019histoire des r\u00e9gulations sociales (UQAM) pour accueillir :<\/span><\/p>\n<p class=\"p1\" style=\"text-align: left;\"><span class=\"s1\"><b>Didier NOURRISSON<\/b><\/span><span class=\"s2\"><b><br \/>\n<\/b><\/span><span class=\"s1\">(Historien, Universit\u00e9 Claude Bernard Lyon 1) Pour une conf\u00e9rence intitul\u00e9e<\/span><\/p>\n<p class=\"p1\" style=\"text-align: left;\"><span class=\"s1\"><b>La sant\u00e9 publique, un moyen historique de r\u00e9guler les soci\u00e9t\u00e9s<\/b><\/span><\/p>\n<p class=\"p1\" style=\"text-align: left;\"><span class=\"s1\">Elle se d\u00e9roulera exceptionnellement le<b> Lundi 3 avril 2017 \u00e0 17h,\u00a0<\/b>\u00e0 l\u2019Universit\u00e9 du Qu\u00e9bec \u00e0 Montr\u00e9al, <b>salle A-1715.<\/b><\/span><\/p>\n<p class=\"p1\" style=\"text-align: left;\"><span class=\"s1\">R\u00e9sum\u00e9 : La sant\u00e9 publique est n\u00e9e en France au XVIIIe si\u00e8cle, dans le monde des Lumi\u00e8res\u00a0(philosophiques et m\u00e9dicales) et dans la crainte de la d\u00e9population. C\u2019est le premier hygi\u00e9nisme,\u00a0un hygi\u00e9nisme plut\u00f4t bienveillant et humaniste.<\/span><\/p>\n<p class=\"p1\" style=\"text-align: left;\"><span class=\"s1\">Une seconde vague s\u2019est d\u00e9velopp\u00e9e avec les d\u00e9couvertes pastoriennes d\u2019un monde invisible\u00a0capable de contaminer l&rsquo;ensemble de la soci\u00e9t\u00e9 et de provoquer sa mort et sa \u00ab d\u00e9g\u00e9n\u00e9rescence \u00bb.\u00a0La m\u00e9decine prend alors r\u00e9solument la t\u00eate de ce second hygi\u00e9nisme \u00e0 but prophylactique et\u00a0politique : le virus r\u00e9volutionnaire para\u00eet aussi dangereux que le bacille de Koch ou du chol\u00e9ra.\u00a0Une troisi\u00e8me politique de sant\u00e9 publique est enclench\u00e9e apr\u00e8s la d\u00e9sastreuse seconde mondiale\u00a0qui manifeste une peur du risque grandissante. La l\u00e9gislation (s\u00e9curit\u00e9 routi\u00e8re, lutte contre les\u00a0maladies sociales, c\u2019est-\u00e0-dire comportementales) intensifie et justifie les campagnes de\u00a0\u00ab pr\u00e9vention des risques \u00bb (alcoolisme, tabagisme, drogues, sida). Le XXIe si\u00e8cle d\u00e9butant\u00a0entretient la peur et la r\u00e9pression de toutes les toxicit\u00e9s.<\/span><\/p>\n<p class=\"p1\"><span class=\"s1\">Pour en savoir plus, vous pouvez consulter l<a href=\"\/wp-content\/uploads\/2017\/04\/Affiche-Nourrisson.pdf\">&lsquo;<span class=\"s3\">affiche de l&rsquo;\u00e9v\u00e9nement<\/span>.<\/a><\/span><\/p>\n","protected":false},"excerpt":{"rendered":"<p>Le Centre d&rsquo;histoire des r\u00e9gulations sociales vous invite \u00e0 une s\u00e9ance exception du s\u00e9minaire interdisciplinaire \u00ab La sant\u00e9 en d\u00e9bat. Rencontres autour des recherches francophones en sciences humaines et sociales&#8230;<\/p>\n","protected":false},"author":3,"featured_media":2078,"comment_status":"closed","ping_status":"closed","sticky":false,"template":"","format":"standard","meta":{"_monsterinsights_skip_tracking":false,"_monsterinsights_sitenote_active":false,"_monsterinsights_sitenote_note":"","_monsterinsights_sitenote_category":0,"footnotes":""},"categories":[569,5],"tags":[],"class_list":["post-2076","post","type-post","status-publish","format-standard","has-post-thumbnail","hentry","category-activites-scientifiques-chrs","category-colloques-et-conferences"],"_links":{"self":[{"href":"https:\/\/chrs.uqam.ca\/index.php\/wp-json\/wp\/v2\/posts\/2076","targetHints":{"allow":["GET"]}}],"collection":[{"href":"https:\/\/chrs.uqam.ca\/index.php\/wp-json\/wp\/v2\/posts"}],"about":[{"href":"https:\/\/chrs.uqam.ca\/index.php\/wp-json\/wp\/v2\/types\/post"}],"author":[{"embeddable":true,"href":"https:\/\/chrs.uqam.ca\/index.php\/wp-json\/wp\/v2\/users\/3"}],"replies":[{"embeddable":true,"href":"https:\/\/chrs.uqam.ca\/index.php\/wp-json\/wp\/v2\/comments?post=2076"}],"version-history":[{"count":0,"href":"https:\/\/chrs.uqam.ca\/index.php\/wp-json\/wp\/v2\/posts\/2076\/revisions"}],"wp:featuredmedia":[{"embeddable":true,"href":"https:\/\/chrs.uqam.ca\/index.php\/wp-json\/wp\/v2\/media\/2078"}],"wp:attachment":[{"href":"https:\/\/chrs.uqam.ca\/index.php\/wp-json\/wp\/v2\/media?parent=2076"}],"wp:term":[{"taxonomy":"category","embeddable":true,"href":"https:\/\/chrs.uqam.ca\/index.php\/wp-json\/wp\/v2\/categories?post=2076"},{"taxonomy":"post_tag","embeddable":true,"href":"https:\/\/chrs.uqam.ca\/index.php\/wp-json\/wp\/v2\/tags?post=2076"}],"curies":[{"name":"wp","href":"https:\/\/api.w.org\/{rel}","templated":true}]}}