{"id":2069,"date":"2017-04-05T16:35:22","date_gmt":"2017-04-05T15:35:22","guid":{"rendered":"http:\/\/chrs.cieq.ca\/?p=2069"},"modified":"2017-05-03T14:38:18","modified_gmt":"2017-05-03T18:38:18","slug":"soiree-benefice-du-25e-anniversaire-du-bulletin-dhistoire-politique","status":"publish","type":"post","link":"https:\/\/chrs.uqam.ca\/index.php\/2017\/04\/05\/soiree-benefice-du-25e-anniversaire-du-bulletin-dhistoire-politique\/","title":{"rendered":"Soir\u00e9e b\u00e9n\u00e9fice du 25e anniversaire du Bulletin d\u2019histoire politique"},"content":{"rendered":"<p class=\"p1\"><a href=\"https:\/\/www.bulletinhistoirepolitique.org\"><span class=\"s1\">Le Bulletin d\u2019histoire politique\u00a0 f\u00eate son 25<\/span><span class=\"s2\"><sup>e<\/sup><\/span><\/a><span class=\"s1\"> anniversaire. Pour souligner l\u2019\u00e9v\u00e9nement, une <img loading=\"lazy\" decoding=\"async\" class=\"size-full wp-image-2070 alignright\" src=\"\/wp-content\/uploads\/2017\/04\/soiree-benefice-25e-bhp.jpg\" alt=\"\" width=\"150\" height=\"193\" \/>soir\u00e9e b\u00e9n\u00e9fice aura lieu le jeudi 20 avril 2017, de 17 h 30 \u00e0 20 h 30, dans le Foyer de la salle Marie-G\u00e9rin-Lajoie de l\u2019UQAM. En plus du lancement du dernier num\u00e9ro (25.3), une table ronde y est organis\u00e9e avec Jos\u00e9e Legault et Antoine Robitaille sur \u00ab\u00a0les changements dans la politique canadienne et qu\u00e9b\u00e9coise depuis 1992\u00a0\u00bb.<\/span><\/p>\n<p class=\"p1\"><span class=\"s1\"><br \/>\nLe prix d\u2019entr\u00e9e est de 50$. Vous pouvez r\u00e9server votre place en ligne, puisque les places sont limit\u00e9es.<\/span><\/p>\n<p class=\"p1\"><a href=\"https:\/\/www.bulletinhistoirepolitique.org\/lassociation\/activites\/25e\/\"><span class=\"s1\">R\u00e9server en ligne<\/span><\/a><\/p>\n","protected":false},"excerpt":{"rendered":"<p>Le Bulletin d\u2019histoire politique\u00a0 f\u00eate son 25e anniversaire. Pour souligner l\u2019\u00e9v\u00e9nement, une soir\u00e9e b\u00e9n\u00e9fice aura lieu le jeudi 20 avril 2017, de 17 h 30 \u00e0 20 h 30, dans&#8230;<\/p>\n","protected":false},"author":3,"featured_media":2070,"comment_status":"closed","ping_status":"closed","sticky":false,"template":"","format":"standard","meta":{"_monsterinsights_skip_tracking":false,"_monsterinsights_sitenote_active":false,"_monsterinsights_sitenote_note":"","_monsterinsights_sitenote_category":0,"footnotes":""},"categories":[3],"tags":[],"class_list":["post-2069","post","type-post","status-publish","format-standard","has-post-thumbnail","hentry","category-actualites"],"_links":{"self":[{"href":"https:\/\/chrs.uqam.ca\/index.php\/wp-json\/wp\/v2\/posts\/2069","targetHints":{"allow":["GET"]}}],"collection":[{"href":"https:\/\/chrs.uqam.ca\/index.php\/wp-json\/wp\/v2\/posts"}],"about":[{"href":"https:\/\/chrs.uqam.ca\/index.php\/wp-json\/wp\/v2\/types\/post"}],"author":[{"embeddable":true,"href":"https:\/\/chrs.uqam.ca\/index.php\/wp-json\/wp\/v2\/users\/3"}],"replies":[{"embeddable":true,"href":"https:\/\/chrs.uqam.ca\/index.php\/wp-json\/wp\/v2\/comments?post=2069"}],"version-history":[{"count":0,"href":"https:\/\/chrs.uqam.ca\/index.php\/wp-json\/wp\/v2\/posts\/2069\/revisions"}],"wp:featuredmedia":[{"embeddable":true,"href":"https:\/\/chrs.uqam.ca\/index.php\/wp-json\/wp\/v2\/media\/2070"}],"wp:attachment":[{"href":"https:\/\/chrs.uqam.ca\/index.php\/wp-json\/wp\/v2\/media?parent=2069"}],"wp:term":[{"taxonomy":"category","embeddable":true,"href":"https:\/\/chrs.uqam.ca\/index.php\/wp-json\/wp\/v2\/categories?post=2069"},{"taxonomy":"post_tag","embeddable":true,"href":"https:\/\/chrs.uqam.ca\/index.php\/wp-json\/wp\/v2\/tags?post=2069"}],"curies":[{"name":"wp","href":"https:\/\/api.w.org\/{rel}","templated":true}]}}