{"id":1573,"date":"2011-04-01T19:12:00","date_gmt":"2011-04-01T18:12:00","guid":{"rendered":"http:\/\/chrs.cieq.ca\/?p=1573"},"modified":"2018-07-05T11:19:59","modified_gmt":"2018-07-05T15:19:59","slug":"retour-sur-la-conference-du-printemps-de-lunite-de-recherche-sur-lhistoire-des-sciences-infirmieres-de-lams-a-luniversite-dottawa","status":"publish","type":"post","link":"https:\/\/chrs.uqam.ca\/index.php\/2011\/04\/01\/retour-sur-la-conference-du-printemps-de-lunite-de-recherche-sur-lhistoire-des-sciences-infirmieres-de-lams-a-luniversite-dottawa\/","title":{"rendered":"Retour sur la conf\u00e9rence du printemps de l&rsquo;Unit\u00e9 de recherche sur l&rsquo;histoire des sciences infirmi\u00e8res de l&rsquo;AMS \u00e0 l&rsquo;Universit\u00e9 d&rsquo;Ottawa"},"content":{"rendered":"<p class=\"p1\"><span class=\"s1\">La 6e \u00e9dition de la conf\u00e9rence du printemps de l&rsquo;Unit\u00e9 de recherche sur l&rsquo;histoire des sciences infirmi\u00e8res de l&rsquo;<em>Associated Medical Services<\/em> (AMS) a r\u00e9uni des \u00e9tudiants des premier et deuxi\u00e8me cycles ainsi que des professeures des disciplines des sciences infirmi\u00e8res, des sciences de la sant\u00e9, de la criminologie et de l&rsquo;histoire. Plusieurs membres et anciens membres du CHRS \u00e9taient pr\u00e9sents.<img loading=\"lazy\" decoding=\"async\" class=\"size-full wp-image-1574 alignright\" src=\"http:\/\/chrs.cieq.ca\/wp-content\/uploads\/2017\/02\/noname_0.jpg\" alt=\"\" width=\"200\" height=\"159\" \/><\/span><\/p>\n<p class=\"p1\"><span class=\"s1\">La th\u00e9orie du risque expos\u00e9 par <a href=\"http:\/\/chrs.cieq.ca\/index.php\/a-propos\/equipe\/membres-reguliers\/martin-petitclerc\/\">Martin Petitclerc<\/a>, selon une perspective historique, a nourri d&rsquo;int\u00e9ressants \u00e9changes, entre autres, avec des membres de la Chaire de recherche universitaire d&rsquo;Ottawa en soins infirmiers m\u00e9dico-l\u00e9gaux.\u00a0<\/span><\/p>\n<p class=\"p1\"><span class=\"s1\">Patrice Corriveau, chercheur en criminologie \u00e0 l&rsquo;Universit\u00e9 d&rsquo;Ottawa, a aussi profit\u00e9 de cette occasion pour pr\u00e9senter son projet de recherche sur l&rsquo;histoire du suicide au Qu\u00e9bec. Ce projet est men\u00e9 conjointement avec <a href=\"http:\/\/chrs.cieq.ca\/index.php\/a-propos\/equipe\/chercheurs-affilies\/andre-cellard\/\">Andr\u00e9 Cellard<\/a>, aussi chercheur en criminologie \u00e0 l&rsquo;Universit\u00e9 d&rsquo;Ottawa et chercheur associ\u00e9 au CHRS.<\/span><\/p>\n","protected":false},"excerpt":{"rendered":"<p>La 6e \u00e9dition de la conf\u00e9rence du printemps de l&rsquo;Unit\u00e9 de recherche sur l&rsquo;histoire des sciences infirmi\u00e8res de l&rsquo;Associated Medical Services (AMS) a r\u00e9uni des \u00e9tudiants des premier et deuxi\u00e8me&#8230;<\/p>\n","protected":false},"author":3,"featured_media":1574,"comment_status":"closed","ping_status":"closed","sticky":false,"template":"","format":"standard","meta":{"_monsterinsights_skip_tracking":false,"_monsterinsights_sitenote_active":false,"_monsterinsights_sitenote_note":"","_monsterinsights_sitenote_category":0,"footnotes":""},"categories":[5],"tags":[25,13],"class_list":["post-1573","post","type-post","status-publish","format-standard","has-post-thumbnail","hentry","category-colloques-et-conferences","tag-andre-cellard","tag-martin-petitclerc"],"_links":{"self":[{"href":"https:\/\/chrs.uqam.ca\/index.php\/wp-json\/wp\/v2\/posts\/1573","targetHints":{"allow":["GET"]}}],"collection":[{"href":"https:\/\/chrs.uqam.ca\/index.php\/wp-json\/wp\/v2\/posts"}],"about":[{"href":"https:\/\/chrs.uqam.ca\/index.php\/wp-json\/wp\/v2\/types\/post"}],"author":[{"embeddable":true,"href":"https:\/\/chrs.uqam.ca\/index.php\/wp-json\/wp\/v2\/users\/3"}],"replies":[{"embeddable":true,"href":"https:\/\/chrs.uqam.ca\/index.php\/wp-json\/wp\/v2\/comments?post=1573"}],"version-history":[{"count":0,"href":"https:\/\/chrs.uqam.ca\/index.php\/wp-json\/wp\/v2\/posts\/1573\/revisions"}],"wp:featuredmedia":[{"embeddable":true,"href":"https:\/\/chrs.uqam.ca\/index.php\/wp-json\/wp\/v2\/media\/1574"}],"wp:attachment":[{"href":"https:\/\/chrs.uqam.ca\/index.php\/wp-json\/wp\/v2\/media?parent=1573"}],"wp:term":[{"taxonomy":"category","embeddable":true,"href":"https:\/\/chrs.uqam.ca\/index.php\/wp-json\/wp\/v2\/categories?post=1573"},{"taxonomy":"post_tag","embeddable":true,"href":"https:\/\/chrs.uqam.ca\/index.php\/wp-json\/wp\/v2\/tags?post=1573"}],"curies":[{"name":"wp","href":"https:\/\/api.w.org\/{rel}","templated":true}]}}