{"id":1557,"date":"2011-10-24T18:30:26","date_gmt":"2011-10-24T17:30:26","guid":{"rendered":"http:\/\/chrs.cieq.ca\/?p=1557"},"modified":"2018-07-05T11:17:12","modified_gmt":"2018-07-05T15:17:12","slug":"retour-sur-la-conference-du-nursing-au-care-le-genre-dune-profession-tenue-le-25-novembre-dernier-a-ottawa","status":"publish","type":"post","link":"https:\/\/chrs.uqam.ca\/index.php\/2011\/10\/24\/retour-sur-la-conference-du-nursing-au-care-le-genre-dune-profession-tenue-le-25-novembre-dernier-a-ottawa\/","title":{"rendered":"Retour sur la conf\u00e9rence : \u00ab\u00a0Du nursing au care : le genre d\u2019une profession \u00bb, tenue le 25 novembre dernier \u00e0 Ottawa"},"content":{"rendered":"<p class=\"p1\"><span class=\"s1\"><img loading=\"lazy\" decoding=\"async\" class=\"size-medium wp-image-1558 alignleft\" src=\"http:\/\/chrs.cieq.ca\/wp-content\/uploads\/2017\/02\/CHRS_Conference_AMS_UOttawa_2011-10-03_SD-182x300.jpg\" alt=\"\" width=\"182\" height=\"300\" srcset=\"https:\/\/chrs.uqam.ca\/wp-content\/uploads\/2017\/02\/CHRS_Conference_AMS_UOttawa_2011-10-03_SD-182x300.jpg 182w, https:\/\/chrs.uqam.ca\/wp-content\/uploads\/2017\/02\/CHRS_Conference_AMS_UOttawa_2011-10-03_SD-768x1265.jpg 768w, https:\/\/chrs.uqam.ca\/wp-content\/uploads\/2017\/02\/CHRS_Conference_AMS_UOttawa_2011-10-03_SD-622x1024.jpg 622w, https:\/\/chrs.uqam.ca\/wp-content\/uploads\/2017\/02\/CHRS_Conference_AMS_UOttawa_2011-10-03_SD.jpg 1700w\" sizes=\"auto, (max-width: 182px) 100vw, 182px\" \/>OTTAWA &#8211; Mercredi le 25 novembre dernier, l&rsquo;<a href=\"http:\/\/www.health.uottawa.ca\/nursinghistory\/index_fr.htm\"><span class=\"s2\">Unit\u00e9 de recherche sur l&rsquo;histoire du nursing<\/span><\/a>, en collaboration avec l&rsquo;<a href=\"http:\/\/www.sante.uottawa.ca\/esi\/\"><span class=\"s2\">\u00c9cole des sciences infirmi\u00e8res<\/span><\/a> pr\u00e9sentait une conf\u00e9rence de Yolande Cohen, historienne du genre et des femmes. Son expos\u00e9 \u00ab Du nursing au care : le genre d&rsquo;une profession \u00bb, retra\u00e7ait l&rsquo;histoire de la profession infirmi\u00e8re.<\/span><\/p>\n<p class=\"p3\"><span class=\"s1\">En r\u00e9interpr\u00e9tant les enjeux f\u00e9ministes, mais \u00e9galement de mixit\u00e9, de la\u00efcisation et de<em> care<\/em>, la professeure Cohen a r\u00e9ussi \u00e0 d\u00e9construire avec brio les perspectives traditionnelles, entre autres, sur le retard des hospitali\u00e8res catholiques comparativement au monde anglo-saxon.<\/span><\/p>\n<p class=\"p4\"><span class=\"s3\"> \u00a0 &#8211;<a href=\"http:\/\/chrs.cieq.ca\/index.php\/a-propos\/equipe\/membres-reguliers\/marie-claude-thifault\/\"> <span class=\"s2\">Marie-Claude Thifault<\/span><\/a><\/span><\/p>\n<p class=\"p1\"><span class=\"s1\">Le texte de Cohen est paru dans la revue des sciences infirmi\u00e8res de l&rsquo;Universit\u00e9 d&rsquo;Ottawa, Aporia [<a href=\"http:\/\/www.oa.uottawa.ca\/journals\/aporia\/articles\/2012_01\/Cohen.pdf\"><span class=\"s2\">texte int\u00e9gral\u00a0en ligne<\/span><\/a>].<\/span><\/p>\n","protected":false},"excerpt":{"rendered":"<p>OTTAWA &#8211; Mercredi le 25 novembre dernier, l&rsquo;Unit\u00e9 de recherche sur l&rsquo;histoire du nursing, en collaboration avec l&rsquo;\u00c9cole des sciences infirmi\u00e8res pr\u00e9sentait une conf\u00e9rence de Yolande Cohen, historienne du genre&#8230;<\/p>\n","protected":false},"author":3,"featured_media":1558,"comment_status":"closed","ping_status":"closed","sticky":false,"template":"","format":"standard","meta":{"_monsterinsights_skip_tracking":false,"_monsterinsights_sitenote_active":false,"_monsterinsights_sitenote_note":"","_monsterinsights_sitenote_category":0,"footnotes":""},"categories":[5],"tags":[14],"class_list":["post-1557","post","type-post","status-publish","format-standard","has-post-thumbnail","hentry","category-colloques-et-conferences","tag-marie-claude-thifault"],"_links":{"self":[{"href":"https:\/\/chrs.uqam.ca\/index.php\/wp-json\/wp\/v2\/posts\/1557","targetHints":{"allow":["GET"]}}],"collection":[{"href":"https:\/\/chrs.uqam.ca\/index.php\/wp-json\/wp\/v2\/posts"}],"about":[{"href":"https:\/\/chrs.uqam.ca\/index.php\/wp-json\/wp\/v2\/types\/post"}],"author":[{"embeddable":true,"href":"https:\/\/chrs.uqam.ca\/index.php\/wp-json\/wp\/v2\/users\/3"}],"replies":[{"embeddable":true,"href":"https:\/\/chrs.uqam.ca\/index.php\/wp-json\/wp\/v2\/comments?post=1557"}],"version-history":[{"count":0,"href":"https:\/\/chrs.uqam.ca\/index.php\/wp-json\/wp\/v2\/posts\/1557\/revisions"}],"wp:featuredmedia":[{"embeddable":true,"href":"https:\/\/chrs.uqam.ca\/index.php\/wp-json\/wp\/v2\/media\/1558"}],"wp:attachment":[{"href":"https:\/\/chrs.uqam.ca\/index.php\/wp-json\/wp\/v2\/media?parent=1557"}],"wp:term":[{"taxonomy":"category","embeddable":true,"href":"https:\/\/chrs.uqam.ca\/index.php\/wp-json\/wp\/v2\/categories?post=1557"},{"taxonomy":"post_tag","embeddable":true,"href":"https:\/\/chrs.uqam.ca\/index.php\/wp-json\/wp\/v2\/tags?post=1557"}],"curies":[{"name":"wp","href":"https:\/\/api.w.org\/{rel}","templated":true}]}}