{"id":1546,"date":"2012-01-17T17:18:28","date_gmt":"2012-01-17T16:18:28","guid":{"rendered":"http:\/\/chrs.cieq.ca\/?p=1546"},"modified":"2018-07-05T11:15:34","modified_gmt":"2018-07-05T15:15:34","slug":"debat-sur-lhistoire-politique-et-lhistoire-nationale-des-chercheurs-du-chrs-prennent-position","status":"publish","type":"post","link":"https:\/\/chrs.uqam.ca\/index.php\/2012\/01\/17\/debat-sur-lhistoire-politique-et-lhistoire-nationale-des-chercheurs-du-chrs-prennent-position\/","title":{"rendered":"D\u00e9bat sur l\u2019histoire politique et l\u2019histoire nationale : des chercheurs du CHRS prennent position"},"content":{"rendered":"<p class=\"p1\"><span class=\"s1\">Comme l\u2019a soulign\u00e9 <a href=\"http:\/\/chrs.cieq.ca\/index.php\/a-propos\/equipe\/membres-reguliers\/martin-petitclerc\/\">Martin Petitclerc<\/a>, \u00abIl est rare [\u2026] que les d\u00e9bats entre historiens aient une r\u00e9sonance dans l\u2019espace public\u00bb. C\u2019est le cas du d\u00e9bat qui a suivi le rapport d\u2019\u00c9ric B\u00e9dard et de la Coalition pour l\u2019histoire sur l\u2019importance du savoir historique universitaire pour la d\u00e9finition de notre communaut\u00e9 politique.<\/span><\/p>\n<p class=\"p2\"><a href=\"http:\/\/chrs.cieq.ca\/index.php\/a-propos\/equipe\/membres-reguliers\/jean-marie-fecteau\/\"><span class=\"s2\"><img loading=\"lazy\" decoding=\"async\" class=\"size-medium wp-image-1547 alignleft\" src=\"http:\/\/chrs.cieq.ca\/wp-content\/uploads\/2017\/02\/action2-300x165.jpg\" alt=\"\" width=\"300\" height=\"165\" srcset=\"https:\/\/chrs.uqam.ca\/wp-content\/uploads\/2017\/02\/action2-300x165.jpg 300w, https:\/\/chrs.uqam.ca\/wp-content\/uploads\/2017\/02\/action2.jpg 400w\" sizes=\"auto, (max-width: 300px) 100vw, 300px\" \/>Jean-Marie Fecteau<\/span><\/a><span class=\"s1\">, dans l\u2019Action Nationale (<span class=\"s2\">\u00abHistoire politique et histoire nationale au Qu\u00e9bec\u00bb<\/span>, nov. \u2013 d\u00e9c. 2011; accessible aux abonn\u00e9s) et\u00a0<a href=\"http:\/\/chrs.cieq.ca\/index.php\/a-propos\/equipe\/membres-reguliers\/martin-petitclerc\/\"><span class=\"s2\">Martin Petitclerc<\/span><\/a>, dans Histoire Engag\u00e9e (<span class=\"s2\">\u00ab<a href=\"http:\/\/histoireengagee.ca\/?p=1277\">L\u2019actualit\u00e9 en d\u00e9bat : Le rapport B\u00e9dard et notre communaut\u00e9 politique\u00bb<\/a><\/span>, en ligne) ont profit\u00e9 de ce d\u00e9bat pour exposer certaines de leurs vues quant \u00e0 la pratique actuelle de l\u2019histoire au Qu\u00e9bec.<\/span><\/p>\n<p class=\"p1\"><span class=\"s1\">\u00c0 lire \u00e9galement l\u2019article de <a href=\"http:\/\/chrs.cieq.ca\/index.php\/a-propos\/equipe\/membres-reguliers\/martin-petitclerc\/\">Martin Petitclerc<\/a> saluant un important intellectuel qu\u00e9b\u00e9cois d\u00e9c\u00e9d\u00e9 en 2011\u00a0: \u00ab<a href=\"http:\/\/histoireengagee.ca\/?p=1343\"><span class=\"s2\">Gilles Dostaler, historien du temps pr\u00e9sent<\/span><\/a>\u00bb, en ligne.<img loading=\"lazy\" decoding=\"async\" class=\"size-medium wp-image-1198 alignright\" src=\"http:\/\/chrs.cieq.ca\/wp-content\/uploads\/2015\/08\/HEngage\u0301e-300x108.png\" alt=\"\" width=\"300\" height=\"108\" \/><\/span><\/p>\n","protected":false},"excerpt":{"rendered":"<p>Comme l\u2019a soulign\u00e9 Martin Petitclerc, \u00abIl est rare [\u2026] que les d\u00e9bats entre historiens aient une r\u00e9sonance dans l\u2019espace public\u00bb. C\u2019est le cas du d\u00e9bat qui a suivi le rapport&#8230;<\/p>\n","protected":false},"author":3,"featured_media":1547,"comment_status":"closed","ping_status":"closed","sticky":false,"template":"","format":"standard","meta":{"_monsterinsights_skip_tracking":false,"_monsterinsights_sitenote_active":false,"_monsterinsights_sitenote_note":"","_monsterinsights_sitenote_category":0,"footnotes":""},"categories":[11],"tags":[18,13],"class_list":["post-1546","post","type-post","status-publish","format-standard","has-post-thumbnail","hentry","category-publications","tag-jean-marie-fecteau","tag-martin-petitclerc"],"_links":{"self":[{"href":"https:\/\/chrs.uqam.ca\/index.php\/wp-json\/wp\/v2\/posts\/1546","targetHints":{"allow":["GET"]}}],"collection":[{"href":"https:\/\/chrs.uqam.ca\/index.php\/wp-json\/wp\/v2\/posts"}],"about":[{"href":"https:\/\/chrs.uqam.ca\/index.php\/wp-json\/wp\/v2\/types\/post"}],"author":[{"embeddable":true,"href":"https:\/\/chrs.uqam.ca\/index.php\/wp-json\/wp\/v2\/users\/3"}],"replies":[{"embeddable":true,"href":"https:\/\/chrs.uqam.ca\/index.php\/wp-json\/wp\/v2\/comments?post=1546"}],"version-history":[{"count":0,"href":"https:\/\/chrs.uqam.ca\/index.php\/wp-json\/wp\/v2\/posts\/1546\/revisions"}],"wp:featuredmedia":[{"embeddable":true,"href":"https:\/\/chrs.uqam.ca\/index.php\/wp-json\/wp\/v2\/media\/1547"}],"wp:attachment":[{"href":"https:\/\/chrs.uqam.ca\/index.php\/wp-json\/wp\/v2\/media?parent=1546"}],"wp:term":[{"taxonomy":"category","embeddable":true,"href":"https:\/\/chrs.uqam.ca\/index.php\/wp-json\/wp\/v2\/categories?post=1546"},{"taxonomy":"post_tag","embeddable":true,"href":"https:\/\/chrs.uqam.ca\/index.php\/wp-json\/wp\/v2\/tags?post=1546"}],"curies":[{"name":"wp","href":"https:\/\/api.w.org\/{rel}","templated":true}]}}