{"id":1532,"date":"2012-03-19T16:25:54","date_gmt":"2012-03-19T15:25:54","guid":{"rendered":"http:\/\/chrs.cieq.ca\/?p=1532"},"modified":"2018-07-05T11:10:07","modified_gmt":"2018-07-05T15:10:07","slug":"retour-sur-la-conference-de-marie-claude-thifault-et-isabelle-perreault-a-saint-jean-de-dieu","status":"publish","type":"post","link":"https:\/\/chrs.uqam.ca\/index.php\/2012\/03\/19\/retour-sur-la-conference-de-marie-claude-thifault-et-isabelle-perreault-a-saint-jean-de-dieu\/","title":{"rendered":"Retour sur la conf\u00e9rence de Marie-Claude Thifault et Isabelle Perreault \u00e0 Saint-Jean-de-Dieu"},"content":{"rendered":"<p class=\"p1\"><span class=\"s1\">Vendredi le 16 mars dernier \u00e0 l\u2019H\u00f4pital Louis-H.-Lafontaine, <a href=\"http:\/\/chrs.cieq.ca\/index.php\/a-propos\/equipe\/membres-reguliers\/marie-claude-thifault\/\"><span class=\"s2\">Marie-Claude Thifault<\/span><\/a>\u00a0et <a href=\"http:\/\/chrs.cieq.ca\/index.php\/a-propos\/equipe\/membres-reguliers\/isabelle-perreault\/\"><span class=\"s2\">Isabelle Perreault<\/span>\u00a0<\/a>ont pr\u00e9sent\u00e9 une conf\u00e9rence intitul\u00e9e \u00abPolitiques et pratiques psychiatriques en transition : le cas de l\u2019H\u00f4pital Saint-Jean-de-Dieu entre 1909 et 1969\u00bb devant une assistance de pr\u00e8s de 100 personnes compos\u00e9e de professionnels, d\u2019infirmi\u00e8res, d\u2019archivistes, de m\u00e9decins, etc. La conf\u00e9rence, organis\u00e9e par Dr Alain Lesage, prenait cadre dans la Formation continue de l\u2019H\u00f4pital Louis-H.-Lafontaine.<img loading=\"lazy\" decoding=\"async\" class=\"size-medium wp-image-1533 alignright\" src=\"http:\/\/chrs.cieq.ca\/wp-content\/uploads\/2017\/02\/HLHL_THIFAULT_PERREAULT_PPT01-300x225.jpg\" alt=\"\" width=\"300\" height=\"225\" srcset=\"https:\/\/chrs.uqam.ca\/wp-content\/uploads\/2017\/02\/HLHL_THIFAULT_PERREAULT_PPT01-300x225.jpg 300w, https:\/\/chrs.uqam.ca\/wp-content\/uploads\/2017\/02\/HLHL_THIFAULT_PERREAULT_PPT01.jpg 413w\" sizes=\"auto, (max-width: 300px) 100vw, 300px\" \/><\/span><\/p>\n<p class=\"p1\"><span class=\"s1\">Au terme de leurs pr\u00e9sentations sur l\u2019\u00e9volution des traitements (Perreault) et de la professionnalisation du\u00a0nursing\u00a0psychiatrique (Thifault) \u00e0 St-Jean-de-Dieu, attach\u00e9es entre autres \u00e0 reconsid\u00e9rer la posture historiographique de la \u00abrupture\u00bb que repr\u00e9senterait le Rapport B\u00e9dard de 1962, Thifault et Perreault ont r\u00e9pondu aux questions et re\u00e7u de chauds remerciements de membres de l\u2019assistance, parfois m\u00eame \u00e9mus de revivre une \u00e9poque qu\u2019ils avaient v\u00e9cue\u2026<\/span><\/p>\n","protected":false},"excerpt":{"rendered":"<p>Vendredi le 16 mars dernier \u00e0 l\u2019H\u00f4pital Louis-H.-Lafontaine, Marie-Claude Thifault\u00a0et Isabelle Perreault\u00a0ont pr\u00e9sent\u00e9 une conf\u00e9rence intitul\u00e9e \u00abPolitiques et pratiques psychiatriques en transition : le cas de l\u2019H\u00f4pital Saint-Jean-de-Dieu entre 1909&#8230;<\/p>\n","protected":false},"author":3,"featured_media":1533,"comment_status":"closed","ping_status":"closed","sticky":false,"template":"","format":"standard","meta":{"_monsterinsights_skip_tracking":false,"_monsterinsights_sitenote_active":false,"_monsterinsights_sitenote_note":"","_monsterinsights_sitenote_category":0,"footnotes":""},"categories":[5],"tags":[17,14],"class_list":["post-1532","post","type-post","status-publish","format-standard","has-post-thumbnail","hentry","category-colloques-et-conferences","tag-isabelle-perreault","tag-marie-claude-thifault"],"_links":{"self":[{"href":"https:\/\/chrs.uqam.ca\/index.php\/wp-json\/wp\/v2\/posts\/1532","targetHints":{"allow":["GET"]}}],"collection":[{"href":"https:\/\/chrs.uqam.ca\/index.php\/wp-json\/wp\/v2\/posts"}],"about":[{"href":"https:\/\/chrs.uqam.ca\/index.php\/wp-json\/wp\/v2\/types\/post"}],"author":[{"embeddable":true,"href":"https:\/\/chrs.uqam.ca\/index.php\/wp-json\/wp\/v2\/users\/3"}],"replies":[{"embeddable":true,"href":"https:\/\/chrs.uqam.ca\/index.php\/wp-json\/wp\/v2\/comments?post=1532"}],"version-history":[{"count":0,"href":"https:\/\/chrs.uqam.ca\/index.php\/wp-json\/wp\/v2\/posts\/1532\/revisions"}],"wp:featuredmedia":[{"embeddable":true,"href":"https:\/\/chrs.uqam.ca\/index.php\/wp-json\/wp\/v2\/media\/1533"}],"wp:attachment":[{"href":"https:\/\/chrs.uqam.ca\/index.php\/wp-json\/wp\/v2\/media?parent=1532"}],"wp:term":[{"taxonomy":"category","embeddable":true,"href":"https:\/\/chrs.uqam.ca\/index.php\/wp-json\/wp\/v2\/categories?post=1532"},{"taxonomy":"post_tag","embeddable":true,"href":"https:\/\/chrs.uqam.ca\/index.php\/wp-json\/wp\/v2\/tags?post=1532"}],"curies":[{"name":"wp","href":"https:\/\/api.w.org\/{rel}","templated":true}]}}