{"id":1330,"date":"2012-02-19T18:24:52","date_gmt":"2012-02-19T17:24:52","guid":{"rendered":"http:\/\/chrs.cieq.ca\/?p=1330"},"modified":"2018-07-05T11:14:34","modified_gmt":"2018-07-05T15:14:34","slug":"lancement-du-livre-par-dessus-le-marche-reflexions-critiques-sur-le-capitalisme-dans-lequel-martin-petitclerc-signe-un-texte","status":"publish","type":"post","link":"https:\/\/chrs.uqam.ca\/index.php\/2012\/02\/19\/lancement-du-livre-par-dessus-le-marche-reflexions-critiques-sur-le-capitalisme-dans-lequel-martin-petitclerc-signe-un-texte\/","title":{"rendered":"Lancement du livre Par-dessus le march\u00e9! R\u00e9flexions critiques sur le capitalisme, dans lequel Martin Petitclerc signe un texte"},"content":{"rendered":"<p class=\"p1\"><span class=\"s1\"><img loading=\"lazy\" decoding=\"async\" class=\"size-medium wp-image-1332 alignleft\" src=\"http:\/\/chrs.cieq.ca\/wp-content\/uploads\/2017\/02\/vache-253x300.png\" alt=\"\" width=\"253\" height=\"300\" srcset=\"https:\/\/chrs.uqam.ca\/wp-content\/uploads\/2017\/02\/vache-253x300.png 253w, https:\/\/chrs.uqam.ca\/wp-content\/uploads\/2017\/02\/vache.png 261w\" sizes=\"auto, (max-width: 253px) 100vw, 253px\" \/>Le 15 mai dernier a eu lieu le lancement du livre <a href=\"http:\/\/www.ecosociete.org\/t156.php\"><span class=\"s2\">Par-dessus le march\u00e9! R\u00e9flexions critiques sur le capitalisme<\/span><\/a> au Bar Populaire, \u00e0 Montr\u00e9al. <a href=\"http:\/\/chrs.cieq.ca\/index.php\/a-propos\/equipe\/membres-reguliers\/martin-petitclerc\/\"><span class=\"s2\">Martin Petitclerc<\/span><\/a> y signe un texte intitul\u00e9 \u00ab<a href=\"http:\/\/www.academia.edu\/4522405\/Karl_Polanyi_historien_des_mondes_possibles\"><span class=\"s2\">Karl Polanyi, historien des mondes possibles<\/span><\/a>\u00bb.<\/span><\/p>\n<p class=\"p3\"><img loading=\"lazy\" decoding=\"async\" class=\"size-medium wp-image-1331 alignleft\" src=\"http:\/\/chrs.cieq.ca\/wp-content\/uploads\/2017\/02\/Par_dessus_marche\u0301-187x300.jpg\" alt=\"\" width=\"187\" height=\"300\" srcset=\"https:\/\/chrs.uqam.ca\/wp-content\/uploads\/2017\/02\/Par_dessus_marche\u0301-187x300.jpg 187w, https:\/\/chrs.uqam.ca\/wp-content\/uploads\/2017\/02\/Par_dessus_marche\u0301.jpg 196w\" sizes=\"auto, (max-width: 187px) 100vw, 187px\" \/><\/p>\n<p class=\"p3\"><span class=\"s3\">Cet ouvrage, dirig\u00e9 par <a href=\"http:\/\/www.politique.uqam.ca\/corps-professoral\/professeurs\/162-dupuis-deri-francis.html\"><span class=\"s2\">Francis Dupuis-D\u00e9ri<\/span><\/a> et pr\u00e9sent\u00e9 par <a href=\"http:\/\/www.ecosociete.org\/\"><span class=\"s2\">les \u00e9ditions \u00c9cosoci\u00e9t\u00e9<\/span><\/a>, s&rsquo;inscrit dans un mouvement collectif de r\u00e9flexion critique sur le capitalisme. Issus en partie des mobilisations ayant pr\u00e9c\u00e9d\u00e9 le sommet du G20 \u00e0 Toronto en 2010, les textes de ce recueil d\u00e9cryptent les multiples facettes des rapports socio\u00e9conomiques de domination et d&rsquo;exploitation. Traitant de la remise en cause de l&rsquo;\u00e9conomie de march\u00e9, de l&rsquo;\u00c9tat et autres syst\u00e8mes d&rsquo;exploitation et des liens entre capitalisme et culture, ces textes abordent des sujets aussi vari\u00e9s que le mouvement Occupy, la financiarisation du capitalisme, la place du po\u00e8te sur la sc\u00e8ne du slam montr\u00e9alais ou la place \u00e9conomique des femmes.<\/span><\/p>\n<p class=\"p4\"><span class=\"s3\"><a href=\"https:\/\/chrs.uqam.ca\/sites\/default\/files\/Lancement_Par_dessus_marche_2012-05-01.pdf\">T\u00e9l\u00e9chargez ici l&rsquo;annonce du lancement<\/a><\/span><span class=\"s1\">.<\/span><\/p>\n","protected":false},"excerpt":{"rendered":"<p>Le 15 mai dernier a eu lieu le lancement du livre Par-dessus le march\u00e9! R\u00e9flexions critiques sur le capitalisme au Bar Populaire, \u00e0 Montr\u00e9al. Martin Petitclerc y signe un texte&#8230;<\/p>\n","protected":false},"author":3,"featured_media":1331,"comment_status":"closed","ping_status":"closed","sticky":false,"template":"","format":"standard","meta":{"_monsterinsights_skip_tracking":false,"_monsterinsights_sitenote_active":false,"_monsterinsights_sitenote_note":"","_monsterinsights_sitenote_category":0,"footnotes":""},"categories":[11],"tags":[13],"class_list":["post-1330","post","type-post","status-publish","format-standard","has-post-thumbnail","hentry","category-publications","tag-martin-petitclerc"],"_links":{"self":[{"href":"https:\/\/chrs.uqam.ca\/index.php\/wp-json\/wp\/v2\/posts\/1330","targetHints":{"allow":["GET"]}}],"collection":[{"href":"https:\/\/chrs.uqam.ca\/index.php\/wp-json\/wp\/v2\/posts"}],"about":[{"href":"https:\/\/chrs.uqam.ca\/index.php\/wp-json\/wp\/v2\/types\/post"}],"author":[{"embeddable":true,"href":"https:\/\/chrs.uqam.ca\/index.php\/wp-json\/wp\/v2\/users\/3"}],"replies":[{"embeddable":true,"href":"https:\/\/chrs.uqam.ca\/index.php\/wp-json\/wp\/v2\/comments?post=1330"}],"version-history":[{"count":0,"href":"https:\/\/chrs.uqam.ca\/index.php\/wp-json\/wp\/v2\/posts\/1330\/revisions"}],"wp:featuredmedia":[{"embeddable":true,"href":"https:\/\/chrs.uqam.ca\/index.php\/wp-json\/wp\/v2\/media\/1331"}],"wp:attachment":[{"href":"https:\/\/chrs.uqam.ca\/index.php\/wp-json\/wp\/v2\/media?parent=1330"}],"wp:term":[{"taxonomy":"category","embeddable":true,"href":"https:\/\/chrs.uqam.ca\/index.php\/wp-json\/wp\/v2\/categories?post=1330"},{"taxonomy":"post_tag","embeddable":true,"href":"https:\/\/chrs.uqam.ca\/index.php\/wp-json\/wp\/v2\/tags?post=1330"}],"curies":[{"name":"wp","href":"https:\/\/api.w.org\/{rel}","templated":true}]}}