{"id":1290,"date":"2012-06-05T15:59:45","date_gmt":"2012-06-05T14:59:45","guid":{"rendered":"http:\/\/chrs.cieq.ca\/?p=1290"},"modified":"2017-02-19T16:04:33","modified_gmt":"2017-02-19T15:04:33","slug":"martin-petitclerc-signe-un-article-sur-la-greve-etudiante-dans-la-revue-du-mauss-permanente","status":"publish","type":"post","link":"https:\/\/chrs.uqam.ca\/index.php\/2012\/06\/05\/martin-petitclerc-signe-un-article-sur-la-greve-etudiante-dans-la-revue-du-mauss-permanente\/","title":{"rendered":"Martin Petitclerc signe un article sur la gr\u00e8ve \u00e9tudiante dans la Revue du MAUSS permanente"},"content":{"rendered":"<p class=\"p1\"><img loading=\"lazy\" decoding=\"async\" class=\"size-full wp-image-1073 alignleft\" src=\"http:\/\/chrs.cieq.ca\/wp-content\/uploads\/2017\/02\/Carre_Rouge_petit.png\" alt=\"\" width=\"199\" height=\"133\" \/><\/p>\n<p class=\"p1\"><span class=\"s1\">Le directeur du CHRS,<a href=\"http:\/\/chrs.cieq.ca\/index.php\/a-propos\/equipe\/membres-reguliers\/martin-petitclerc\/\"> <span class=\"s2\">Martin Petitclerc<\/span><\/a>, joint sa plume \u00e0 celle de sa coll\u00e8gue <a href=\"http:\/\/www.histoire.uqam.ca\/professeurs\/index.php?id=148\"><span class=\"s2\">Piroska Nagy<\/span><\/a>, \u00e9galement professeure d&rsquo;histoire \u00e0 l&rsquo;UQAM, pour un texte intitul\u00e9 \u00abLa gr\u00e8ve est \u00e9tudiante, la lutte est populaire\u00bb dans la Revue du MAUSS (Mouvement anti-utilitariste dans les sciences sociales). L&rsquo;article des deux professeurs, en plus d&rsquo;offrir un panorama des bouleversements qu\u00e9b\u00e9cois actuels, fournit une analyse historique et politique du contexte dans lequel s&rsquo;inscrit cette crise sociale. \u00c0 lire, <a href=\"http:\/\/www.journaldumauss.net\/spip.php?article902\"><span class=\"s2\">en cliquant sur ce lien<\/span><\/a>.<\/span><\/p>\n","protected":false},"excerpt":{"rendered":"<p>Le directeur du CHRS, Martin Petitclerc, joint sa plume \u00e0 celle de sa coll\u00e8gue Piroska Nagy, \u00e9galement professeure d&rsquo;histoire \u00e0 l&rsquo;UQAM, pour un texte intitul\u00e9 \u00abLa gr\u00e8ve est \u00e9tudiante, la&#8230;<\/p>\n","protected":false},"author":3,"featured_media":1073,"comment_status":"open","ping_status":"open","sticky":false,"template":"","format":"standard","meta":{"_monsterinsights_skip_tracking":false,"_monsterinsights_sitenote_active":false,"_monsterinsights_sitenote_note":"","_monsterinsights_sitenote_category":0,"footnotes":""},"categories":[11],"tags":[13],"class_list":["post-1290","post","type-post","status-publish","format-standard","has-post-thumbnail","hentry","category-publications","tag-martin-petitclerc"],"_links":{"self":[{"href":"https:\/\/chrs.uqam.ca\/index.php\/wp-json\/wp\/v2\/posts\/1290","targetHints":{"allow":["GET"]}}],"collection":[{"href":"https:\/\/chrs.uqam.ca\/index.php\/wp-json\/wp\/v2\/posts"}],"about":[{"href":"https:\/\/chrs.uqam.ca\/index.php\/wp-json\/wp\/v2\/types\/post"}],"author":[{"embeddable":true,"href":"https:\/\/chrs.uqam.ca\/index.php\/wp-json\/wp\/v2\/users\/3"}],"replies":[{"embeddable":true,"href":"https:\/\/chrs.uqam.ca\/index.php\/wp-json\/wp\/v2\/comments?post=1290"}],"version-history":[{"count":0,"href":"https:\/\/chrs.uqam.ca\/index.php\/wp-json\/wp\/v2\/posts\/1290\/revisions"}],"wp:featuredmedia":[{"embeddable":true,"href":"https:\/\/chrs.uqam.ca\/index.php\/wp-json\/wp\/v2\/media\/1073"}],"wp:attachment":[{"href":"https:\/\/chrs.uqam.ca\/index.php\/wp-json\/wp\/v2\/media?parent=1290"}],"wp:term":[{"taxonomy":"category","embeddable":true,"href":"https:\/\/chrs.uqam.ca\/index.php\/wp-json\/wp\/v2\/categories?post=1290"},{"taxonomy":"post_tag","embeddable":true,"href":"https:\/\/chrs.uqam.ca\/index.php\/wp-json\/wp\/v2\/tags?post=1290"}],"curies":[{"name":"wp","href":"https:\/\/api.w.org\/{rel}","templated":true}]}}