{"id":12639,"date":"2026-03-26T11:27:05","date_gmt":"2026-03-26T15:27:05","guid":{"rendered":"https:\/\/chrs.uqam.ca\/?p=12639"},"modified":"2026-03-26T11:27:05","modified_gmt":"2026-03-26T15:27:05","slug":"parution-dun-article-de-benoit-marsan-dans-le-plus-recent-numero-du-bulletin-dhistoire-politique","status":"publish","type":"post","link":"https:\/\/chrs.uqam.ca\/index.php\/2026\/03\/26\/parution-dun-article-de-benoit-marsan-dans-le-plus-recent-numero-du-bulletin-dhistoire-politique\/","title":{"rendered":"Parution d&rsquo;un article de Benoit Marsan dans le plus r\u00e9cent num\u00e9ro du Bulletin d&rsquo;histoire politique"},"content":{"rendered":"\n<p class=\"has-text-align-left\">Benoit Marsan, chercheur affili\u00e9 au CHRS, signe l&rsquo;article \u00ab\u00a0<a href=\"https:\/\/www.bulletinhistoirepolitique.uqam.ca\/collection?view=article&amp;id=2308:du-desespoir-a-la-protestation-la-chanson-engagee-le-mouvement-des-sans-travail-et-la-grande-depression-au-quebec&amp;catid=113\">Du d\u00e9sespoir \u00e0 la protestation : la chanson engag\u00e9e, le mouvement des sans-travail et la Grande D\u00e9pression au Qu\u00e9bec<\/a>\u00a0\u00bb dans les pages du plus r\u00e9cent num\u00e9ro du <em>Bulletin d&rsquo;histoire politique<\/em>. <br>Cet article revisite l\u2019histoire de la Grande D\u00e9pression \u00e0 travers la chanson engag\u00e9e qu\u00e9b\u00e9coise de la p\u00e9riode. \u00c0 partir de l\u2019exemple du mouvement des sans-travail des ann\u00e9es 1930, ce texte est une contribution \u00e0 l\u2019historiographie portant sur la musique, la politique et les mouvements sociaux. L\u2019\u00e9tude des chansons de la crise \u00e9conomique des ann\u00e9es 1930 permet ainsi de mieux comprendre les conditions de vie des sans-travail, leurs revendications et leurs imaginaires politiques. <\/p>\n\n\n\n<figure class=\"wp-block-image size-large\"><img loading=\"lazy\" decoding=\"async\" width=\"667\" height=\"1024\" src=\"https:\/\/chrs.uqam.ca\/wp-content\/uploads\/2026\/03\/BHP-Couverture_33-1_B_page-0001-667x1024.jpg\" alt=\"\" class=\"wp-image-12640\" srcset=\"https:\/\/chrs.uqam.ca\/wp-content\/uploads\/2026\/03\/BHP-Couverture_33-1_B_page-0001-667x1024.jpg 667w, https:\/\/chrs.uqam.ca\/wp-content\/uploads\/2026\/03\/BHP-Couverture_33-1_B_page-0001-196x300.jpg 196w, https:\/\/chrs.uqam.ca\/wp-content\/uploads\/2026\/03\/BHP-Couverture_33-1_B_page-0001-768x1178.jpg 768w, https:\/\/chrs.uqam.ca\/wp-content\/uploads\/2026\/03\/BHP-Couverture_33-1_B_page-0001.jpg 885w\" sizes=\"auto, (max-width: 667px) 100vw, 667px\" \/><\/figure>\n","protected":false},"excerpt":{"rendered":"<p>Benoit Marsan, chercheur affili\u00e9 au CHRS, signe l&rsquo;article \u00ab\u00a0Du d\u00e9sespoir \u00e0 la protestation : la chanson engag\u00e9e, le mouvement des sans-travail et la Grande D\u00e9pression au Qu\u00e9bec\u00a0\u00bb dans les pages&#8230;<\/p>\n","protected":false},"author":17,"featured_media":12640,"comment_status":"closed","ping_status":"closed","sticky":false,"template":"","format":"standard","meta":{"_monsterinsights_skip_tracking":false,"_monsterinsights_sitenote_active":false,"_monsterinsights_sitenote_note":"","_monsterinsights_sitenote_category":0,"footnotes":""},"categories":[3],"tags":[32],"class_list":["post-12639","post","type-post","status-publish","format-standard","has-post-thumbnail","hentry","category-actualites","tag-benoit-marsan"],"_links":{"self":[{"href":"https:\/\/chrs.uqam.ca\/index.php\/wp-json\/wp\/v2\/posts\/12639","targetHints":{"allow":["GET"]}}],"collection":[{"href":"https:\/\/chrs.uqam.ca\/index.php\/wp-json\/wp\/v2\/posts"}],"about":[{"href":"https:\/\/chrs.uqam.ca\/index.php\/wp-json\/wp\/v2\/types\/post"}],"author":[{"embeddable":true,"href":"https:\/\/chrs.uqam.ca\/index.php\/wp-json\/wp\/v2\/users\/17"}],"replies":[{"embeddable":true,"href":"https:\/\/chrs.uqam.ca\/index.php\/wp-json\/wp\/v2\/comments?post=12639"}],"version-history":[{"count":1,"href":"https:\/\/chrs.uqam.ca\/index.php\/wp-json\/wp\/v2\/posts\/12639\/revisions"}],"predecessor-version":[{"id":12641,"href":"https:\/\/chrs.uqam.ca\/index.php\/wp-json\/wp\/v2\/posts\/12639\/revisions\/12641"}],"wp:featuredmedia":[{"embeddable":true,"href":"https:\/\/chrs.uqam.ca\/index.php\/wp-json\/wp\/v2\/media\/12640"}],"wp:attachment":[{"href":"https:\/\/chrs.uqam.ca\/index.php\/wp-json\/wp\/v2\/media?parent=12639"}],"wp:term":[{"taxonomy":"category","embeddable":true,"href":"https:\/\/chrs.uqam.ca\/index.php\/wp-json\/wp\/v2\/categories?post=12639"},{"taxonomy":"post_tag","embeddable":true,"href":"https:\/\/chrs.uqam.ca\/index.php\/wp-json\/wp\/v2\/tags?post=12639"}],"curies":[{"name":"wp","href":"https:\/\/api.w.org\/{rel}","templated":true}]}}