{"id":12621,"date":"2026-02-10T14:43:05","date_gmt":"2026-02-10T18:43:05","guid":{"rendered":"https:\/\/chrs.uqam.ca\/?p=12621"},"modified":"2026-02-10T14:46:40","modified_gmt":"2026-02-10T18:46:40","slug":"journee-detude-du-chrs-23-fevrier-2026-maintenir-lordre-entre-regulations-et-repression","status":"publish","type":"post","link":"https:\/\/chrs.uqam.ca\/index.php\/2026\/02\/10\/journee-detude-du-chrs-23-fevrier-2026-maintenir-lordre-entre-regulations-et-repression\/","title":{"rendered":"Journ\u00e9e d&rsquo;\u00e9tude du CHRS &#8211; 23 f\u00e9vrier 2026             \u00abMaintenir l&rsquo;ordre : entre r\u00e9gulations et r\u00e9pression\u00bb"},"content":{"rendered":"\n<p><\/p>\n\n\n\n<p><\/p>\n\n\n\n<p><strong>Journ\u00e9e d&rsquo;\u00e9tude du CHRS : \u00ab Maintenir l&rsquo;ordre : entre r\u00e9gulations et r\u00e9pression \u00bb<\/strong><\/p>\n\n\n\n<p><strong>23 f\u00e9vrier 2026, 10h \u00e0 17h15<br>UQAM, local A-6290 (pavillon Hubert-Aquin)<\/strong><\/p>\n\n\n\n<p>Le Centre d&rsquo;histoire des r\u00e9gulations sociales vous invite \u00e0 une journ\u00e9e d&rsquo;\u00e9tude qui se tiendra le 23 f\u00e9vrier prochain. L&rsquo;\u00e9v\u00e9nement se d\u00e9roule en pr\u00e9sentiel, mais sera disponible sur Zoom. Vous trouverez tous les d\u00e9tails sur l&rsquo;affiche ci-dessous. Au plaisir de vous y voir!<\/p>\n\n\n\n<figure class=\"wp-block-image size-large\"><img loading=\"lazy\" decoding=\"async\" width=\"768\" height=\"1024\" src=\"https:\/\/chrs.uqam.ca\/wp-content\/uploads\/2026\/02\/Journee_detude_FEVRIER26-1-768x1024.png\" alt=\"\" class=\"wp-image-12624\" srcset=\"https:\/\/chrs.uqam.ca\/wp-content\/uploads\/2026\/02\/Journee_detude_FEVRIER26-1-768x1024.png 768w, https:\/\/chrs.uqam.ca\/wp-content\/uploads\/2026\/02\/Journee_detude_FEVRIER26-1-225x300.png 225w, https:\/\/chrs.uqam.ca\/wp-content\/uploads\/2026\/02\/Journee_detude_FEVRIER26-1-1152x1536.png 1152w, https:\/\/chrs.uqam.ca\/wp-content\/uploads\/2026\/02\/Journee_detude_FEVRIER26-1-1536x2048.png 1536w, https:\/\/chrs.uqam.ca\/wp-content\/uploads\/2026\/02\/Journee_detude_FEVRIER26-1.png 1728w\" sizes=\"auto, (max-width: 768px) 100vw, 768px\" \/><\/figure>\n","protected":false},"excerpt":{"rendered":"<p>Journ\u00e9e d&rsquo;\u00e9tude du CHRS : \u00ab Maintenir l&rsquo;ordre : entre r\u00e9gulations et r\u00e9pression \u00bb 23 f\u00e9vrier 2026, 10h \u00e0 17h15UQAM, local A-6290 (pavillon Hubert-Aquin) Le Centre d&rsquo;histoire des r\u00e9gulations sociales&#8230;<\/p>\n","protected":false},"author":17,"featured_media":12622,"comment_status":"closed","ping_status":"closed","sticky":false,"template":"","format":"standard","meta":{"_monsterinsights_skip_tracking":false,"_monsterinsights_sitenote_active":false,"_monsterinsights_sitenote_note":"","_monsterinsights_sitenote_category":0,"footnotes":""},"categories":[3],"tags":[],"class_list":["post-12621","post","type-post","status-publish","format-standard","has-post-thumbnail","hentry","category-actualites"],"_links":{"self":[{"href":"https:\/\/chrs.uqam.ca\/index.php\/wp-json\/wp\/v2\/posts\/12621","targetHints":{"allow":["GET"]}}],"collection":[{"href":"https:\/\/chrs.uqam.ca\/index.php\/wp-json\/wp\/v2\/posts"}],"about":[{"href":"https:\/\/chrs.uqam.ca\/index.php\/wp-json\/wp\/v2\/types\/post"}],"author":[{"embeddable":true,"href":"https:\/\/chrs.uqam.ca\/index.php\/wp-json\/wp\/v2\/users\/17"}],"replies":[{"embeddable":true,"href":"https:\/\/chrs.uqam.ca\/index.php\/wp-json\/wp\/v2\/comments?post=12621"}],"version-history":[{"count":5,"href":"https:\/\/chrs.uqam.ca\/index.php\/wp-json\/wp\/v2\/posts\/12621\/revisions"}],"predecessor-version":[{"id":12628,"href":"https:\/\/chrs.uqam.ca\/index.php\/wp-json\/wp\/v2\/posts\/12621\/revisions\/12628"}],"wp:featuredmedia":[{"embeddable":true,"href":"https:\/\/chrs.uqam.ca\/index.php\/wp-json\/wp\/v2\/media\/12622"}],"wp:attachment":[{"href":"https:\/\/chrs.uqam.ca\/index.php\/wp-json\/wp\/v2\/media?parent=12621"}],"wp:term":[{"taxonomy":"category","embeddable":true,"href":"https:\/\/chrs.uqam.ca\/index.php\/wp-json\/wp\/v2\/categories?post=12621"},{"taxonomy":"post_tag","embeddable":true,"href":"https:\/\/chrs.uqam.ca\/index.php\/wp-json\/wp\/v2\/tags?post=12621"}],"curies":[{"name":"wp","href":"https:\/\/api.w.org\/{rel}","templated":true}]}}