{"id":12575,"date":"2025-10-15T13:53:22","date_gmt":"2025-10-15T17:53:22","guid":{"rendered":"https:\/\/chrs.uqam.ca\/?p=12575"},"modified":"2025-10-15T13:53:22","modified_gmt":"2025-10-15T17:53:22","slug":"nos-membres-au-colloque-femmes-dhistoire-et-histoire-des-femmes","status":"publish","type":"post","link":"https:\/\/chrs.uqam.ca\/index.php\/2025\/10\/15\/nos-membres-au-colloque-femmes-dhistoire-et-histoire-des-femmes\/","title":{"rendered":"Nos membres au colloque Femmes d&rsquo;histoire et Histoire des femmes"},"content":{"rendered":"\n<p><strong>7-8 novembre 2025, \u00e0 Montr\u00e9al<br>15 novembre 2025, \u00e0 Qu\u00e9bec<\/strong><\/p>\n\n\n\n<p>La F\u00e9d\u00e9ration Histoire Qu\u00e9bec tiendra du 7 au 15 novembre son colloque \u00ab Femmes d&rsquo;histoire &amp; Histoire des femmes \u00bb, qui vise \u00e0 mettre de l&rsquo;avant diff\u00e9rentes facettes de l&rsquo;histoire des femmes au Qu\u00e9bec et \u00e0 r\u00e9fl\u00e9chir aux fa\u00e7ons de transmettre cette histoire. En plus des panels vari\u00e9s, le programme du colloque inclut une activit\u00e9 hors-les-murs gratuite, \u00e0 savoir une promenade guid\u00e9e au sujet des femmes pionni\u00e8res de la C\u00f4te-des-Neiges.<\/p>\n\n\n\n<p>Deux membres \u00e9tudiantes du CHRS participeront \u00e0 la journ\u00e9e du 15 novembre, \u00e0 Qu\u00e9bec, dans un panel intitul\u00e9 \u00ab Solidarit\u00e9s et r\u00e9sistances f\u00e9minines \u00bb.<\/p>\n\n\n\n<ul class=\"wp-block-list\">\n<li><strong>Meggie Sue Cadrin\u00a0<\/strong>\u2013 Entre statistiques et r\u00e9cits de vie : les femmes accus\u00e9es de violence mineure \u00e0 Qu\u00e9bec (1820-1870)<br><\/li>\n\n\n\n<li><strong>Marie-Laurence Raby<\/strong>\u00a0\u2013 Faire l\u2019histoire d\u2019un Centre de femmes : regards crois\u00e9s sur les solidarit\u00e9s f\u00e9ministes locales et nationales (1975-2025)<\/li>\n<\/ul>\n\n\n\n<p>Vous pouvez trouver le programme complet <a href=\"https:\/\/histoirequebec.qc.ca\/evenement\/colloque-histoire-des-femmes\/#:~:text=La%20F%C3%A9d%C3%A9ration%20Histoire%20Qu%C3%A9bec%20a,le%2015%20novembre%2C%20%C3%A0%20Qu%C3%A9bec.\" data-type=\"link\" data-id=\"https:\/\/histoirequebec.qc.ca\/evenement\/colloque-histoire-des-femmes\/#:~:text=La%20F%C3%A9d%C3%A9ration%20Histoire%20Qu%C3%A9bec%20a,le%2015%20novembre%2C%20%C3%A0%20Qu%C3%A9bec.\" target=\"_blank\" rel=\"noreferrer noopener\">ici<\/a>.<\/p>\n\n\n\n<p><\/p>\n","protected":false},"excerpt":{"rendered":"<p>7-8 novembre 2025, \u00e0 Montr\u00e9al15 novembre 2025, \u00e0 Qu\u00e9bec La F\u00e9d\u00e9ration Histoire Qu\u00e9bec tiendra du 7 au 15 novembre son colloque \u00ab Femmes d&rsquo;histoire &amp; Histoire des femmes \u00bb, qui&#8230;<\/p>\n","protected":false},"author":11,"featured_media":12576,"comment_status":"closed","ping_status":"closed","sticky":false,"template":"","format":"standard","meta":{"_monsterinsights_skip_tracking":false,"_monsterinsights_sitenote_active":false,"_monsterinsights_sitenote_note":"","_monsterinsights_sitenote_category":0,"footnotes":""},"categories":[3,5],"tags":[581,586],"class_list":["post-12575","post","type-post","status-publish","format-standard","has-post-thumbnail","hentry","category-actualites","category-colloques-et-conferences","tag-marie-laurence-raby","tag-meggie-sue-cadrin"],"_links":{"self":[{"href":"https:\/\/chrs.uqam.ca\/index.php\/wp-json\/wp\/v2\/posts\/12575","targetHints":{"allow":["GET"]}}],"collection":[{"href":"https:\/\/chrs.uqam.ca\/index.php\/wp-json\/wp\/v2\/posts"}],"about":[{"href":"https:\/\/chrs.uqam.ca\/index.php\/wp-json\/wp\/v2\/types\/post"}],"author":[{"embeddable":true,"href":"https:\/\/chrs.uqam.ca\/index.php\/wp-json\/wp\/v2\/users\/11"}],"replies":[{"embeddable":true,"href":"https:\/\/chrs.uqam.ca\/index.php\/wp-json\/wp\/v2\/comments?post=12575"}],"version-history":[{"count":1,"href":"https:\/\/chrs.uqam.ca\/index.php\/wp-json\/wp\/v2\/posts\/12575\/revisions"}],"predecessor-version":[{"id":12577,"href":"https:\/\/chrs.uqam.ca\/index.php\/wp-json\/wp\/v2\/posts\/12575\/revisions\/12577"}],"wp:featuredmedia":[{"embeddable":true,"href":"https:\/\/chrs.uqam.ca\/index.php\/wp-json\/wp\/v2\/media\/12576"}],"wp:attachment":[{"href":"https:\/\/chrs.uqam.ca\/index.php\/wp-json\/wp\/v2\/media?parent=12575"}],"wp:term":[{"taxonomy":"category","embeddable":true,"href":"https:\/\/chrs.uqam.ca\/index.php\/wp-json\/wp\/v2\/categories?post=12575"},{"taxonomy":"post_tag","embeddable":true,"href":"https:\/\/chrs.uqam.ca\/index.php\/wp-json\/wp\/v2\/tags?post=12575"}],"curies":[{"name":"wp","href":"https:\/\/api.w.org\/{rel}","templated":true}]}}