{"id":12562,"date":"2025-10-09T17:23:32","date_gmt":"2025-10-09T21:23:32","guid":{"rendered":"https:\/\/chrs.uqam.ca\/?p=12562"},"modified":"2025-10-09T17:23:32","modified_gmt":"2025-10-09T21:23:32","slug":"colloque-etudiant-du-centre-de-recherche-sur-les-francophonies-canadiennes-appel-a-communications-prolonge","status":"publish","type":"post","link":"https:\/\/chrs.uqam.ca\/index.php\/2025\/10\/09\/colloque-etudiant-du-centre-de-recherche-sur-les-francophonies-canadiennes-appel-a-communications-prolonge\/","title":{"rendered":"Colloque \u00e9tudiant du Centre de recherche sur les francophonies canadiennes: appel \u00e0 communications prolong\u00e9"},"content":{"rendered":"\n<p>Le <a href=\"https:\/\/www.uottawa.ca\/recherche-innovation\/crccf\/colloque-etudiant-crccf-2026\" data-type=\"link\" data-id=\"https:\/\/www.uottawa.ca\/recherche-innovation\/crccf\/colloque-etudiant-crccf-2026\" target=\"_blank\" rel=\"noreferrer noopener\">colloque \u00e9tudiant<\/a> du Centre de recherche sur les francophonies canadiennes de l&rsquo;Universit\u00e9 d&rsquo;Ottawa se tiendra sur place les 19 et 20 mars 2026, sous la th\u00e9matique \u00ab\u00a0Je me souviendrai: m\u00e9moire, patrimoine et comm\u00e9moration des exp\u00e9riences francophones au Canada\u00a0\u00bb. L&rsquo;appel \u00e0 communications est prolong\u00e9 jusqu&rsquo;au <strong>vendredi 31 octobre 2025.<\/strong><\/p>\n\n\n\n<p>Le colloque est ouvert \u00e0 tous les \u00e9tudiant.e.s aux cycles sup\u00e9rieurs ainsi qu\u2019aux stagiaires postdoctoraux.ales qui s\u2019int\u00e9ressent \u00e0 la francophonie canadienne, peu importe leur domaine d\u2019\u00e9tudes ou leur \u00e9tablissement d\u2019attache.<\/p>\n\n\n\n<p>Tous les d\u00e9tails sont dans <a href=\"https:\/\/www.uottawa.ca\/recherche-innovation\/sites\/g\/files\/bhrskd326\/files\/2025-06\/Colloque%20%C3%A9tudiant%20CRCCF%202026.pdf\" data-type=\"link\" data-id=\"https:\/\/www.uottawa.ca\/recherche-innovation\/sites\/g\/files\/bhrskd326\/files\/2025-06\/Colloque%20%C3%A9tudiant%20CRCCF%202026.pdf\" target=\"_blank\" rel=\"noreferrer noopener\">l&rsquo;appel \u00e0 communications<\/a>.<\/p>\n","protected":false},"excerpt":{"rendered":"<p>Le colloque \u00e9tudiant du Centre de recherche sur les francophonies canadiennes de l&rsquo;Universit\u00e9 d&rsquo;Ottawa se tiendra sur place les 19 et 20 mars 2026, sous la th\u00e9matique \u00ab\u00a0Je me souviendrai:&#8230;<\/p>\n","protected":false},"author":11,"featured_media":12563,"comment_status":"closed","ping_status":"closed","sticky":false,"template":"","format":"standard","meta":{"_monsterinsights_skip_tracking":false,"_monsterinsights_sitenote_active":false,"_monsterinsights_sitenote_note":"","_monsterinsights_sitenote_category":0,"footnotes":""},"categories":[3,5],"tags":[],"class_list":["post-12562","post","type-post","status-publish","format-standard","has-post-thumbnail","hentry","category-actualites","category-colloques-et-conferences"],"_links":{"self":[{"href":"https:\/\/chrs.uqam.ca\/index.php\/wp-json\/wp\/v2\/posts\/12562","targetHints":{"allow":["GET"]}}],"collection":[{"href":"https:\/\/chrs.uqam.ca\/index.php\/wp-json\/wp\/v2\/posts"}],"about":[{"href":"https:\/\/chrs.uqam.ca\/index.php\/wp-json\/wp\/v2\/types\/post"}],"author":[{"embeddable":true,"href":"https:\/\/chrs.uqam.ca\/index.php\/wp-json\/wp\/v2\/users\/11"}],"replies":[{"embeddable":true,"href":"https:\/\/chrs.uqam.ca\/index.php\/wp-json\/wp\/v2\/comments?post=12562"}],"version-history":[{"count":1,"href":"https:\/\/chrs.uqam.ca\/index.php\/wp-json\/wp\/v2\/posts\/12562\/revisions"}],"predecessor-version":[{"id":12564,"href":"https:\/\/chrs.uqam.ca\/index.php\/wp-json\/wp\/v2\/posts\/12562\/revisions\/12564"}],"wp:featuredmedia":[{"embeddable":true,"href":"https:\/\/chrs.uqam.ca\/index.php\/wp-json\/wp\/v2\/media\/12563"}],"wp:attachment":[{"href":"https:\/\/chrs.uqam.ca\/index.php\/wp-json\/wp\/v2\/media?parent=12562"}],"wp:term":[{"taxonomy":"category","embeddable":true,"href":"https:\/\/chrs.uqam.ca\/index.php\/wp-json\/wp\/v2\/categories?post=12562"},{"taxonomy":"post_tag","embeddable":true,"href":"https:\/\/chrs.uqam.ca\/index.php\/wp-json\/wp\/v2\/tags?post=12562"}],"curies":[{"name":"wp","href":"https:\/\/api.w.org\/{rel}","templated":true}]}}