{"id":12549,"date":"2025-09-25T14:38:00","date_gmt":"2025-09-25T18:38:00","guid":{"rendered":"https:\/\/chrs.uqam.ca\/?p=12549"},"modified":"2025-09-25T14:38:00","modified_gmt":"2025-09-25T18:38:00","slug":"conference-de-thierry-nootens-sur-lhistoire-du-droit-civil-au-quebec","status":"publish","type":"post","link":"https:\/\/chrs.uqam.ca\/index.php\/2025\/09\/25\/conference-de-thierry-nootens-sur-lhistoire-du-droit-civil-au-quebec\/","title":{"rendered":"Conf\u00e9rence de Thierry Nootens sur l&rsquo;histoire du droit civil au Qu\u00e9bec"},"content":{"rendered":"\n<p><strong>8 octobre 2025, 17 h &#8211; 18 h 30<br>Complexe des sciences du Campus MIL, amphith\u00e9\u00e2tre A-1502<\/strong><\/p>\n\n\n\n<p>Chercheur membre du CHRS et r\u00e9cipiendaire du prix G\u00e9rard-Parizeau 2025, Thierry Nootens donnera prochainement une conf\u00e9rence organis\u00e9e par la Facult\u00e9 des arts et des sciences de l&rsquo;Universit\u00e9 de Montr\u00e9al, intitul\u00e9e <em>L&rsquo;exp\u00e9rience du droit civil et l&rsquo;\u00e9mergence du Qu\u00e9bec moderne.<\/em><br>\u00a0<br>La conf\u00e9rence sera suivie d&rsquo;une table ronde anim\u00e9e par Ollivier Hubert, directeur du d\u00e9partement d&rsquo;histoire de l&rsquo;UdeM, \u00e0 laquelle participeront aussi Magda Fahrni (histoire sociale du Qu\u00e9bec, UQAM) et Pierre Noreau (sociologique du droit, UdeM).<\/p>\n\n\n\n<p><strong>R\u00e9sum\u00e9 de la conf\u00e9rence\u00a0<\/strong><br><em>\u00ab La soci\u00e9t\u00e9 qu\u00e9b\u00e9coise contemporaine est-elle marqu\u00e9e par un trop-plein de normes juridiques et des recours trop fr\u00e9quents aux tribunaux? L\u2019histoire du droit civil tend \u00e0 montrer que ce n\u2019est peut-\u00eatre pas le cas\u00a0: au XIXe\u00a0si\u00e8cle et durant une bonne partie du XXe\u00a0si\u00e8cle, le droit civil et l\u2019appareil judiciaire charg\u00e9 de le mettre en \u0153uvre occupaient une place tout \u00e0 fait centrale dans la vie des habitantes et habitants de la vall\u00e9e du Saint-Laurent. Ils ont profond\u00e9ment model\u00e9 leur existence, tout en contribuant de mani\u00e8re tr\u00e8s nette \u00e0 l\u2019av\u00e8nement de la modernit\u00e9 lib\u00e9rale et capitaliste dans la province de Qu\u00e9bec. \u00bb<\/em><\/p>\n\n\n\n<p>Vous pouvez vous inscrire \u00e0 l&rsquo;\u00e9v\u00e9nement en suivant <a href=\"https:\/\/lepointdevente.com\/billets\/conference-prixgerardparizeau25\" data-type=\"link\" data-id=\"https:\/\/lepointdevente.com\/billets\/conference-prixgerardparizeau25\" target=\"_blank\" rel=\"noreferrer noopener\">ce lien<\/a>.<br>\u00a0<\/p>\n","protected":false},"excerpt":{"rendered":"<p>8 octobre 2025, 17 h &#8211; 18 h 30Complexe des sciences du Campus MIL, amphith\u00e9\u00e2tre A-1502 Chercheur membre du CHRS et r\u00e9cipiendaire du prix G\u00e9rard-Parizeau 2025, Thierry Nootens donnera prochainement&#8230;<\/p>\n","protected":false},"author":11,"featured_media":12524,"comment_status":"closed","ping_status":"closed","sticky":false,"template":"","format":"standard","meta":{"_monsterinsights_skip_tracking":false,"_monsterinsights_sitenote_active":false,"_monsterinsights_sitenote_note":"","_monsterinsights_sitenote_category":0,"footnotes":""},"categories":[3,5],"tags":[63,16],"class_list":["post-12549","post","type-post","status-publish","format-standard","has-post-thumbnail","hentry","category-actualites","category-colloques-et-conferences","tag-ollivier-hubert","tag-thierry-nootens"],"_links":{"self":[{"href":"https:\/\/chrs.uqam.ca\/index.php\/wp-json\/wp\/v2\/posts\/12549","targetHints":{"allow":["GET"]}}],"collection":[{"href":"https:\/\/chrs.uqam.ca\/index.php\/wp-json\/wp\/v2\/posts"}],"about":[{"href":"https:\/\/chrs.uqam.ca\/index.php\/wp-json\/wp\/v2\/types\/post"}],"author":[{"embeddable":true,"href":"https:\/\/chrs.uqam.ca\/index.php\/wp-json\/wp\/v2\/users\/11"}],"replies":[{"embeddable":true,"href":"https:\/\/chrs.uqam.ca\/index.php\/wp-json\/wp\/v2\/comments?post=12549"}],"version-history":[{"count":1,"href":"https:\/\/chrs.uqam.ca\/index.php\/wp-json\/wp\/v2\/posts\/12549\/revisions"}],"predecessor-version":[{"id":12550,"href":"https:\/\/chrs.uqam.ca\/index.php\/wp-json\/wp\/v2\/posts\/12549\/revisions\/12550"}],"wp:featuredmedia":[{"embeddable":true,"href":"https:\/\/chrs.uqam.ca\/index.php\/wp-json\/wp\/v2\/media\/12524"}],"wp:attachment":[{"href":"https:\/\/chrs.uqam.ca\/index.php\/wp-json\/wp\/v2\/media?parent=12549"}],"wp:term":[{"taxonomy":"category","embeddable":true,"href":"https:\/\/chrs.uqam.ca\/index.php\/wp-json\/wp\/v2\/categories?post=12549"},{"taxonomy":"post_tag","embeddable":true,"href":"https:\/\/chrs.uqam.ca\/index.php\/wp-json\/wp\/v2\/tags?post=12549"}],"curies":[{"name":"wp","href":"https:\/\/api.w.org\/{rel}","templated":true}]}}