{"id":12545,"date":"2025-09-25T14:14:26","date_gmt":"2025-09-25T18:14:26","guid":{"rendered":"https:\/\/chrs.uqam.ca\/?p=12545"},"modified":"2025-09-25T14:14:26","modified_gmt":"2025-09-25T18:14:26","slug":"conference-de-david-niget-sur-la-mise-en-archives-de-filles-placees-en-institution-1945-1980","status":"publish","type":"post","link":"https:\/\/chrs.uqam.ca\/index.php\/2025\/09\/25\/conference-de-david-niget-sur-la-mise-en-archives-de-filles-placees-en-institution-1945-1980\/","title":{"rendered":"Conf\u00e9rence de David Niget sur la mise en archives de filles plac\u00e9es en institution (1945-1980)"},"content":{"rendered":"\n<h4 class=\"wp-block-heading\">2 octobre 2025, 12 h<br>Local 1222 &#8211; Albert-Tessier, UQTR<br>En ligne<\/h4>\n\n\n\n<p>David Niget, chercheur affili\u00e9 au CHRS et ma\u00eetre de conf\u00e9rences en histoire contemporaine \u00e0 l&rsquo;Universit\u00e9 d&rsquo;Angers, donnera bient\u00f4t une conf\u00e9rence intitul\u00e9e <em>Faire entendre les voix des \u00ab mauvaises filles \u00bb: enjeux historiques et m\u00e9moriels de l&rsquo;archivage des t\u00e9moignages des femmes plac\u00e9es en institution (1945-1980).<\/em><\/p>\n\n\n\n<p><em>\u00ab \u00c0 la crois\u00e9e de l\u2019histoire, de l\u2019archivistique et des \u00e9tudes de genre, le projet MatriArchives propose de constituer un fonds in\u00e9dit consacr\u00e9 \u00e0 la m\u00e9moire des femmes plac\u00e9es dans les institutions fran\u00e7aises de protection de la jeunesse entre 1945 et 1980. Ces jeunes filles, souvent enferm\u00e9es pour des comportements consid\u00e9r\u00e9s comme transgressifs, ont \u00e9t\u00e9 doublement marginalis\u00e9es : dans les dispositifs socio-judiciaires comme dans les r\u00e9cits historiques. Cette conf\u00e9rence reviendra sur les enjeux scientifiques et politiques de leur mise en archives, entre restitution de la parole des premi\u00e8res concern\u00e9es, r\u00e9flexion sur l\u2019agentivit\u00e9 dans l\u2019archivage, et tensions entre m\u00e9moire intime et exigence de patrimonialisation. \u00c0 partir de traces laiss\u00e9es dans les dossiers, de t\u00e9moignages oraux contemporains et d\u2019une d\u00e9marche collaborative avec des artistes et archivistes, il s\u2019agira de penser un matrimoine archivistique f\u00e9ministe, sensible aux violences institutionnelles comme aux r\u00e9sistances des enferm\u00e9es. \u00bb<\/em><\/p>\n\n\n\n<p>Vous pouvez vous inscrire \u00e0 la transmission sur Zoom via <a href=\"https:\/\/uqtr.zoom.us\/meeting\/register\/hRto1k3MR868Q9hcjo9eDQ?utm_source=dialoginsight&amp;utm_medium=email&amp;utm_campaign=B1586#\/registration\" data-type=\"link\" data-id=\"https:\/\/uqtr.zoom.us\/meeting\/register\/hRto1k3MR868Q9hcjo9eDQ?utm_source=dialoginsight&amp;utm_medium=email&amp;utm_campaign=B1586#\/registration\" target=\"_blank\" rel=\"noreferrer noopener\">ce lien<\/a>.<\/p>\n","protected":false},"excerpt":{"rendered":"<p>2 octobre 2025, 12 hLocal 1222 &#8211; Albert-Tessier, UQTREn ligne David Niget, chercheur affili\u00e9 au CHRS et ma\u00eetre de conf\u00e9rences en histoire contemporaine \u00e0 l&rsquo;Universit\u00e9 d&rsquo;Angers, donnera bient\u00f4t une conf\u00e9rence&#8230;<\/p>\n","protected":false},"author":11,"featured_media":12546,"comment_status":"closed","ping_status":"closed","sticky":false,"template":"","format":"standard","meta":{"_monsterinsights_skip_tracking":false,"_monsterinsights_sitenote_active":false,"_monsterinsights_sitenote_note":"","_monsterinsights_sitenote_category":0,"footnotes":""},"categories":[3,5],"tags":[6],"class_list":["post-12545","post","type-post","status-publish","format-standard","has-post-thumbnail","hentry","category-actualites","category-colloques-et-conferences","tag-david-niget"],"_links":{"self":[{"href":"https:\/\/chrs.uqam.ca\/index.php\/wp-json\/wp\/v2\/posts\/12545","targetHints":{"allow":["GET"]}}],"collection":[{"href":"https:\/\/chrs.uqam.ca\/index.php\/wp-json\/wp\/v2\/posts"}],"about":[{"href":"https:\/\/chrs.uqam.ca\/index.php\/wp-json\/wp\/v2\/types\/post"}],"author":[{"embeddable":true,"href":"https:\/\/chrs.uqam.ca\/index.php\/wp-json\/wp\/v2\/users\/11"}],"replies":[{"embeddable":true,"href":"https:\/\/chrs.uqam.ca\/index.php\/wp-json\/wp\/v2\/comments?post=12545"}],"version-history":[{"count":1,"href":"https:\/\/chrs.uqam.ca\/index.php\/wp-json\/wp\/v2\/posts\/12545\/revisions"}],"predecessor-version":[{"id":12547,"href":"https:\/\/chrs.uqam.ca\/index.php\/wp-json\/wp\/v2\/posts\/12545\/revisions\/12547"}],"wp:featuredmedia":[{"embeddable":true,"href":"https:\/\/chrs.uqam.ca\/index.php\/wp-json\/wp\/v2\/media\/12546"}],"wp:attachment":[{"href":"https:\/\/chrs.uqam.ca\/index.php\/wp-json\/wp\/v2\/media?parent=12545"}],"wp:term":[{"taxonomy":"category","embeddable":true,"href":"https:\/\/chrs.uqam.ca\/index.php\/wp-json\/wp\/v2\/categories?post=12545"},{"taxonomy":"post_tag","embeddable":true,"href":"https:\/\/chrs.uqam.ca\/index.php\/wp-json\/wp\/v2\/tags?post=12545"}],"curies":[{"name":"wp","href":"https:\/\/api.w.org\/{rel}","templated":true}]}}