{"id":12528,"date":"2025-09-11T16:41:01","date_gmt":"2025-09-11T20:41:01","guid":{"rendered":"https:\/\/chrs.uqam.ca\/?p=12528"},"modified":"2025-09-11T16:41:01","modified_gmt":"2025-09-11T20:41:01","slug":"martin-petitclerc-et-camille-champagne-tremblay-signent-un-article-sur-litinerance","status":"publish","type":"post","link":"https:\/\/chrs.uqam.ca\/index.php\/2025\/09\/11\/martin-petitclerc-et-camille-champagne-tremblay-signent-un-article-sur-litinerance\/","title":{"rendered":"Martin Petitclerc et Camille Champagne-Tremblay signent un article sur l&rsquo;itin\u00e9rance"},"content":{"rendered":"\n<p>Camille Champagne-Tremblay, une de nos membres \u00e9tudiantes, est candidate \u00e0 la ma\u00eetrise en histoire sous la direction de Martin Petitclerc, directeur du CHRS. Ils r\u00e9alisent actuellement ensemble l&rsquo;exposition <em>Place \u00c9milie-Gamelin: 200 ans de cohabitation sociale,<\/em> qui d\u00e9butera le 22 octobre \u00e0 l&rsquo;\u00c9comus\u00e9e du fier monde. \u00c0 l&rsquo;approche du lancement, ils ont co\u00e9crit pour <em>Le Devoir <\/em>l&rsquo;article<em> <a href=\"https:\/\/www.ledevoir.com\/societe\/914013\/decouvrir-histoire-itinerance-montreal\" data-type=\"link\" data-id=\"https:\/\/www.ledevoir.com\/societe\/914013\/decouvrir-histoire-itinerance-montreal\" target=\"_blank\" rel=\"noreferrer noopener\">D\u00e9couvrir l\u2019histoire de l\u2019itin\u00e9rance \u00e0 Montr\u00e9al<\/a><\/em>, qui offre un survol de l&rsquo;histoire de la place \u00c9milie-Gamelin et de ses enjeux d&rsquo;itin\u00e9rance, de pr\u00e9carit\u00e9, de prise en charge et de cohabitation sociale.<\/p>\n\n\n\n<p><em>\u00ab Aujourd\u2019hui, peu d\u2019endroits incarnent avec autant d\u2019intensit\u00e9 la crise de l\u2019itin\u00e9rance que la place \u00c9milie-Gamelin \u00e0 Montr\u00e9al. Dans les m\u00e9dias, elle est d\u00e9crite comme un espace d\u00e9saffect\u00e9, marqu\u00e9 par la pr\u00e9sence ill\u00e9gitime de personnes d\u00e9racin\u00e9es. Ainsi, la place n\u2019appara\u00eet plus que comme un lieu que l\u2019on devrait \u00ab\u00a0nettoyer\u00a0\u00bb dans le processus de revitalisation du Quartier latin. \u00bb<\/em><\/p>\n\n\n\n<p>L\u2019exposition\u00a0<em>Place \u00c9milie-Gamelin\u00a0: 200\u00a0ans de cohabitation sociale<\/em>\u00a0sera pr\u00e9sent\u00e9e \u00e0 l\u2019\u00c9comus\u00e9e du fier monde du 22\u00a0octobre 2025 au 1er\u00a0mars 2026.<\/p>\n","protected":false},"excerpt":{"rendered":"<p>Camille Champagne-Tremblay, une de nos membres \u00e9tudiantes, est candidate \u00e0 la ma\u00eetrise en histoire sous la direction de Martin Petitclerc, directeur du CHRS. Ils r\u00e9alisent actuellement ensemble l&rsquo;exposition Place \u00c9milie-Gamelin:&#8230;<\/p>\n","protected":false},"author":11,"featured_media":12529,"comment_status":"closed","ping_status":"closed","sticky":false,"template":"","format":"standard","meta":{"_monsterinsights_skip_tracking":false,"_monsterinsights_sitenote_active":false,"_monsterinsights_sitenote_note":"","_monsterinsights_sitenote_category":0,"footnotes":""},"categories":[3],"tags":[612,13],"class_list":["post-12528","post","type-post","status-publish","format-standard","has-post-thumbnail","hentry","category-actualites","tag-camille-champagne-tremblay","tag-martin-petitclerc"],"_links":{"self":[{"href":"https:\/\/chrs.uqam.ca\/index.php\/wp-json\/wp\/v2\/posts\/12528","targetHints":{"allow":["GET"]}}],"collection":[{"href":"https:\/\/chrs.uqam.ca\/index.php\/wp-json\/wp\/v2\/posts"}],"about":[{"href":"https:\/\/chrs.uqam.ca\/index.php\/wp-json\/wp\/v2\/types\/post"}],"author":[{"embeddable":true,"href":"https:\/\/chrs.uqam.ca\/index.php\/wp-json\/wp\/v2\/users\/11"}],"replies":[{"embeddable":true,"href":"https:\/\/chrs.uqam.ca\/index.php\/wp-json\/wp\/v2\/comments?post=12528"}],"version-history":[{"count":1,"href":"https:\/\/chrs.uqam.ca\/index.php\/wp-json\/wp\/v2\/posts\/12528\/revisions"}],"predecessor-version":[{"id":12530,"href":"https:\/\/chrs.uqam.ca\/index.php\/wp-json\/wp\/v2\/posts\/12528\/revisions\/12530"}],"wp:featuredmedia":[{"embeddable":true,"href":"https:\/\/chrs.uqam.ca\/index.php\/wp-json\/wp\/v2\/media\/12529"}],"wp:attachment":[{"href":"https:\/\/chrs.uqam.ca\/index.php\/wp-json\/wp\/v2\/media?parent=12528"}],"wp:term":[{"taxonomy":"category","embeddable":true,"href":"https:\/\/chrs.uqam.ca\/index.php\/wp-json\/wp\/v2\/categories?post=12528"},{"taxonomy":"post_tag","embeddable":true,"href":"https:\/\/chrs.uqam.ca\/index.php\/wp-json\/wp\/v2\/tags?post=12528"}],"curies":[{"name":"wp","href":"https:\/\/api.w.org\/{rel}","templated":true}]}}