{"id":12484,"date":"2025-05-09T13:53:34","date_gmt":"2025-05-09T17:53:34","guid":{"rendered":"https:\/\/chrs.uqam.ca\/?p=12484"},"modified":"2025-05-13T17:34:10","modified_gmt":"2025-05-13T21:34:10","slug":"journees-detude-du-chrs-2025","status":"publish","type":"post","link":"https:\/\/chrs.uqam.ca\/index.php\/2025\/05\/09\/journees-detude-du-chrs-2025\/","title":{"rendered":"Journ\u00e9es d&rsquo;\u00e9tude du CHRS 2025"},"content":{"rendered":"\n<p><strong>14 et 15 mai 2025<br>UQAM, local A-6290 (pavillon Hubert-Aquin)<\/strong><\/p>\n\n\n\n<p>Le Centre d&rsquo;histoire des r\u00e9gulations sociales vous invite \u00e0 deux journ\u00e9es d&rsquo;\u00e9tude qui se tiendront les 14 et 15 mai prochains. L&rsquo;\u00e9v\u00e9nement se d\u00e9roule en pr\u00e9sentiel, mais sera disponible sur Zoom. Vous trouverez tous les d\u00e9tails sur l&rsquo;affiche et le programme ci-bas. Au plaisir de vous y voir!<\/p>\n\n\n<div class=\"wp-block-image\">\n<figure class=\"aligncenter size-large\"><img loading=\"lazy\" decoding=\"async\" width=\"663\" height=\"1024\" src=\"https:\/\/chrs.uqam.ca\/wp-content\/uploads\/2025\/05\/Journees-detude-du-CHRS-2025_F_2-1-663x1024.png\" alt=\"\" class=\"wp-image-12486\" srcset=\"https:\/\/chrs.uqam.ca\/wp-content\/uploads\/2025\/05\/Journees-detude-du-CHRS-2025_F_2-1-663x1024.png 663w, https:\/\/chrs.uqam.ca\/wp-content\/uploads\/2025\/05\/Journees-detude-du-CHRS-2025_F_2-1-194x300.png 194w, https:\/\/chrs.uqam.ca\/wp-content\/uploads\/2025\/05\/Journees-detude-du-CHRS-2025_F_2-1-768x1187.png 768w, https:\/\/chrs.uqam.ca\/wp-content\/uploads\/2025\/05\/Journees-detude-du-CHRS-2025_F_2-1-994x1536.png 994w, https:\/\/chrs.uqam.ca\/wp-content\/uploads\/2025\/05\/Journees-detude-du-CHRS-2025_F_2-1.png 1294w\" sizes=\"auto, (max-width: 663px) 100vw, 663px\" \/><\/figure>\n<\/div>\n\n\n<figure class=\"wp-block-image size-large\"><img loading=\"lazy\" decoding=\"async\" width=\"1024\" height=\"804\" src=\"https:\/\/chrs.uqam.ca\/wp-content\/uploads\/2025\/05\/Programme_FINAL_JE_2025-1024x804.png\" alt=\"\" class=\"wp-image-12488\" srcset=\"https:\/\/chrs.uqam.ca\/wp-content\/uploads\/2025\/05\/Programme_FINAL_JE_2025-1024x804.png 1024w, https:\/\/chrs.uqam.ca\/wp-content\/uploads\/2025\/05\/Programme_FINAL_JE_2025-300x236.png 300w, https:\/\/chrs.uqam.ca\/wp-content\/uploads\/2025\/05\/Programme_FINAL_JE_2025-768x603.png 768w, https:\/\/chrs.uqam.ca\/wp-content\/uploads\/2025\/05\/Programme_FINAL_JE_2025-1536x1207.png 1536w, https:\/\/chrs.uqam.ca\/wp-content\/uploads\/2025\/05\/Programme_FINAL_JE_2025.png 2000w\" sizes=\"auto, (max-width: 1024px) 100vw, 1024px\" \/><\/figure>\n","protected":false},"excerpt":{"rendered":"<p>14 et 15 mai 2025UQAM, local A-6290 (pavillon Hubert-Aquin) Le Centre d&rsquo;histoire des r\u00e9gulations sociales vous invite \u00e0 deux journ\u00e9es d&rsquo;\u00e9tude qui se tiendront les 14 et 15 mai prochains&#8230;.<\/p>\n","protected":false},"author":11,"featured_media":2348,"comment_status":"closed","ping_status":"closed","sticky":false,"template":"","format":"standard","meta":{"_monsterinsights_skip_tracking":false,"_monsterinsights_sitenote_active":false,"_monsterinsights_sitenote_note":"","_monsterinsights_sitenote_category":0,"footnotes":""},"categories":[3,5],"tags":[],"class_list":["post-12484","post","type-post","status-publish","format-standard","has-post-thumbnail","hentry","category-actualites","category-colloques-et-conferences"],"_links":{"self":[{"href":"https:\/\/chrs.uqam.ca\/index.php\/wp-json\/wp\/v2\/posts\/12484","targetHints":{"allow":["GET"]}}],"collection":[{"href":"https:\/\/chrs.uqam.ca\/index.php\/wp-json\/wp\/v2\/posts"}],"about":[{"href":"https:\/\/chrs.uqam.ca\/index.php\/wp-json\/wp\/v2\/types\/post"}],"author":[{"embeddable":true,"href":"https:\/\/chrs.uqam.ca\/index.php\/wp-json\/wp\/v2\/users\/11"}],"replies":[{"embeddable":true,"href":"https:\/\/chrs.uqam.ca\/index.php\/wp-json\/wp\/v2\/comments?post=12484"}],"version-history":[{"count":2,"href":"https:\/\/chrs.uqam.ca\/index.php\/wp-json\/wp\/v2\/posts\/12484\/revisions"}],"predecessor-version":[{"id":12489,"href":"https:\/\/chrs.uqam.ca\/index.php\/wp-json\/wp\/v2\/posts\/12484\/revisions\/12489"}],"wp:featuredmedia":[{"embeddable":true,"href":"https:\/\/chrs.uqam.ca\/index.php\/wp-json\/wp\/v2\/media\/2348"}],"wp:attachment":[{"href":"https:\/\/chrs.uqam.ca\/index.php\/wp-json\/wp\/v2\/media?parent=12484"}],"wp:term":[{"taxonomy":"category","embeddable":true,"href":"https:\/\/chrs.uqam.ca\/index.php\/wp-json\/wp\/v2\/categories?post=12484"},{"taxonomy":"post_tag","embeddable":true,"href":"https:\/\/chrs.uqam.ca\/index.php\/wp-json\/wp\/v2\/tags?post=12484"}],"curies":[{"name":"wp","href":"https:\/\/api.w.org\/{rel}","templated":true}]}}