{"id":12452,"date":"2025-02-13T12:21:56","date_gmt":"2025-02-13T16:21:56","guid":{"rendered":"https:\/\/chrs.uqam.ca\/?p=12452"},"modified":"2025-02-13T12:23:14","modified_gmt":"2025-02-13T16:23:14","slug":"article-de-benoit-marsan-dans-le-dernier-numero-de-la-rhaf","status":"publish","type":"post","link":"https:\/\/chrs.uqam.ca\/index.php\/2025\/02\/13\/article-de-benoit-marsan-dans-le-dernier-numero-de-la-rhaf\/","title":{"rendered":"Article de Benoit Marsan dans le dernier num\u00e9ro de la RHAF"},"content":{"rendered":"\n<p>Benoit Marsan, chercheur affili\u00e9 au CHRS, s&rsquo;int\u00e9resse \u00e0 l&rsquo;histoire ouvri\u00e8re et du travail au Qu\u00e9bec, au Canada et aux \u00c9tats-Unis, avec une expertise particuli\u00e8re sur les sans-travail. Il a sign\u00e9 un article dans le dernier num\u00e9ro de la <em>Revue d&rsquo;histoire de l&rsquo;Am\u00e9rique fran\u00e7aise,<\/em> intitul\u00e9 \u00ab\u00a0La r\u00e9volte des sans-travail montr\u00e9alais et la r\u00e9volte ouvri\u00e8re au Qu\u00e9bec (1919-1925)\u00a0\u00bb. Son article peut \u00eatre lu <a href=\"https:\/\/www.erudit.org\/fr\/revues\/haf\/2024-v77-n4-haf09815\/1115865ar\/\" data-type=\"link\" data-id=\"https:\/\/www.erudit.org\/fr\/revues\/haf\/2024-v77-n4-haf09815\/\" target=\"_blank\" rel=\"noreferrer noopener\">sur la plateforme \u00c9rudit<\/a>.<\/p>\n\n\n\n<p><em>\u00ab\u00a0\u00c0 travers l\u2019analyse de la contestation des personnes sans travail qui se produit \u00e0 Montr\u00e9al entre 1919 et 1925, cet article vise deux objectifs. Le premier est de faire ressortir l\u2019importance du ch\u00f4mage et des mobilisations des sans-travail lors de la r\u00e9volte ouvri\u00e8re au Canada (1917-1925). Le second est d\u2019apporter une nouvelle contribution \u00e0 l\u2019historiographie qu\u00e9b\u00e9coise de la r\u00e9volte ouvri\u00e8re en montrant que ce mouvement de protestation doit \u00eatre appr\u00e9ci\u00e9 plus largement qu\u2019\u00e0 la seule lumi\u00e8re de l\u2019histoire des syndicats internationaux et de la vague de gr\u00e8ves de 1919-1921.\u00a0\u00bb<\/em><\/p>\n","protected":false},"excerpt":{"rendered":"<p>Benoit Marsan, chercheur affili\u00e9 au CHRS, s&rsquo;int\u00e9resse \u00e0 l&rsquo;histoire ouvri\u00e8re et du travail au Qu\u00e9bec, au Canada et aux \u00c9tats-Unis, avec une expertise particuli\u00e8re sur les sans-travail. Il a sign\u00e9&#8230;<\/p>\n","protected":false},"author":11,"featured_media":2159,"comment_status":"closed","ping_status":"closed","sticky":false,"template":"","format":"standard","meta":{"_monsterinsights_skip_tracking":false,"_monsterinsights_sitenote_active":false,"_monsterinsights_sitenote_note":"","_monsterinsights_sitenote_category":0,"footnotes":""},"categories":[3,11],"tags":[32],"class_list":["post-12452","post","type-post","status-publish","format-standard","has-post-thumbnail","hentry","category-actualites","category-publications","tag-benoit-marsan"],"_links":{"self":[{"href":"https:\/\/chrs.uqam.ca\/index.php\/wp-json\/wp\/v2\/posts\/12452","targetHints":{"allow":["GET"]}}],"collection":[{"href":"https:\/\/chrs.uqam.ca\/index.php\/wp-json\/wp\/v2\/posts"}],"about":[{"href":"https:\/\/chrs.uqam.ca\/index.php\/wp-json\/wp\/v2\/types\/post"}],"author":[{"embeddable":true,"href":"https:\/\/chrs.uqam.ca\/index.php\/wp-json\/wp\/v2\/users\/11"}],"replies":[{"embeddable":true,"href":"https:\/\/chrs.uqam.ca\/index.php\/wp-json\/wp\/v2\/comments?post=12452"}],"version-history":[{"count":2,"href":"https:\/\/chrs.uqam.ca\/index.php\/wp-json\/wp\/v2\/posts\/12452\/revisions"}],"predecessor-version":[{"id":12454,"href":"https:\/\/chrs.uqam.ca\/index.php\/wp-json\/wp\/v2\/posts\/12452\/revisions\/12454"}],"wp:featuredmedia":[{"embeddable":true,"href":"https:\/\/chrs.uqam.ca\/index.php\/wp-json\/wp\/v2\/media\/2159"}],"wp:attachment":[{"href":"https:\/\/chrs.uqam.ca\/index.php\/wp-json\/wp\/v2\/media?parent=12452"}],"wp:term":[{"taxonomy":"category","embeddable":true,"href":"https:\/\/chrs.uqam.ca\/index.php\/wp-json\/wp\/v2\/categories?post=12452"},{"taxonomy":"post_tag","embeddable":true,"href":"https:\/\/chrs.uqam.ca\/index.php\/wp-json\/wp\/v2\/tags?post=12452"}],"curies":[{"name":"wp","href":"https:\/\/api.w.org\/{rel}","templated":true}]}}