{"id":12307,"date":"2024-09-25T12:22:08","date_gmt":"2024-09-25T16:22:08","guid":{"rendered":"https:\/\/chrs.uqam.ca\/?p=12307"},"modified":"2024-09-25T12:22:11","modified_gmt":"2024-09-25T16:22:11","slug":"justin-chauvette-participe-a-la-realisation-de-lexposition-le-centenaire-de-la-centrale-la-gabelle-1924-2024","status":"publish","type":"post","link":"https:\/\/chrs.uqam.ca\/index.php\/2024\/09\/25\/justin-chauvette-participe-a-la-realisation-de-lexposition-le-centenaire-de-la-centrale-la-gabelle-1924-2024\/","title":{"rendered":"Justin Chauvette participe \u00e0 la r\u00e9alisation de l\u2019exposition <i>Le centenaire de la centrale La Gabelle 1924-2024<\/i>"},"content":{"rendered":"\n<p>\u00c0 l\u2019occasion du 100e anniversaire de la centrale de La Gabelle, Appartenance Mauricie Soci\u00e9t\u00e9 d\u2019histoire r\u00e9gionale met l\u2019histoire de la Mauricie \u00e0 l\u2019honneur avec la pr\u00e9sentation d\u2019une exposition photo soulignant l\u2019histoire de cette centrale. L\u2019exposition compte 37 photographies illustrant divers aspects de l\u2019histoire de l\u2019am\u00e9nagement hydro\u00e9lectrique, dont les diff\u00e9rentes \u00e9tapes de sa construction qui s\u2019amorce \u00e0 la fin de l\u2019automne 1922. <\/p>\n\n\n\n<p>L&rsquo;exposition, dont le vernissage a eu lieu le 24 septembre dernier, durera jusqu\u2019au 5 janvier 2025. Vous la trouverez \u00e0 la salle Jules-Bellemare de Saint-\u00c9tienne-des-Gr\u00e8s jusqu\u2019au 10 novembre prochain, puis \u00e0 la salle communautaire de Notre-Dame-du-Mont-Carmel du 18 novembre au 5 janvier.<\/p>\n\n\n\n<p>Justin Chauvette, candidat \u00e0 la ma\u00eetrise et membre \u00e9tudiant du CHRS, s\u2019occupait de la recherche et de la r\u00e9daction pour cette exposition.<\/p>\n\n\n\n<p>Radio-Canada a r\u00e9alis\u00e9 <a href=\"https:\/\/ici.radio-canada.ca\/nouvelle\/2107005\/gabelle-exposition-photos-centieme-histoire\" data-type=\"link\" data-id=\"https:\/\/ici.radio-canada.ca\/nouvelle\/2107005\/gabelle-exposition-photos-centieme-histoire\" target=\"_blank\" rel=\"noreferrer noopener\">un article et un reportage sur l&rsquo;exposition<\/a>.<\/p>\n","protected":false},"excerpt":{"rendered":"<p>\u00c0 l\u2019occasion du 100e anniversaire de la centrale de La Gabelle, Appartenance Mauricie Soci\u00e9t\u00e9 d\u2019histoire r\u00e9gionale met l\u2019histoire de la Mauricie \u00e0 l\u2019honneur avec la pr\u00e9sentation d\u2019une exposition photo soulignant&#8230;<\/p>\n","protected":false},"author":11,"featured_media":10402,"comment_status":"closed","ping_status":"closed","sticky":false,"template":"","format":"standard","meta":{"_monsterinsights_skip_tracking":false,"_monsterinsights_sitenote_active":false,"_monsterinsights_sitenote_note":"","_monsterinsights_sitenote_category":0,"footnotes":""},"categories":[3],"tags":[595],"class_list":["post-12307","post","type-post","status-publish","format-standard","has-post-thumbnail","hentry","category-actualites","tag-justin-chauvette"],"_links":{"self":[{"href":"https:\/\/chrs.uqam.ca\/index.php\/wp-json\/wp\/v2\/posts\/12307","targetHints":{"allow":["GET"]}}],"collection":[{"href":"https:\/\/chrs.uqam.ca\/index.php\/wp-json\/wp\/v2\/posts"}],"about":[{"href":"https:\/\/chrs.uqam.ca\/index.php\/wp-json\/wp\/v2\/types\/post"}],"author":[{"embeddable":true,"href":"https:\/\/chrs.uqam.ca\/index.php\/wp-json\/wp\/v2\/users\/11"}],"replies":[{"embeddable":true,"href":"https:\/\/chrs.uqam.ca\/index.php\/wp-json\/wp\/v2\/comments?post=12307"}],"version-history":[{"count":1,"href":"https:\/\/chrs.uqam.ca\/index.php\/wp-json\/wp\/v2\/posts\/12307\/revisions"}],"predecessor-version":[{"id":12308,"href":"https:\/\/chrs.uqam.ca\/index.php\/wp-json\/wp\/v2\/posts\/12307\/revisions\/12308"}],"wp:featuredmedia":[{"embeddable":true,"href":"https:\/\/chrs.uqam.ca\/index.php\/wp-json\/wp\/v2\/media\/10402"}],"wp:attachment":[{"href":"https:\/\/chrs.uqam.ca\/index.php\/wp-json\/wp\/v2\/media?parent=12307"}],"wp:term":[{"taxonomy":"category","embeddable":true,"href":"https:\/\/chrs.uqam.ca\/index.php\/wp-json\/wp\/v2\/categories?post=12307"},{"taxonomy":"post_tag","embeddable":true,"href":"https:\/\/chrs.uqam.ca\/index.php\/wp-json\/wp\/v2\/tags?post=12307"}],"curies":[{"name":"wp","href":"https:\/\/api.w.org\/{rel}","templated":true}]}}