{"id":12291,"date":"2024-09-18T11:35:58","date_gmt":"2024-09-18T15:35:58","guid":{"rendered":"https:\/\/chrs.uqam.ca\/?p=12291"},"modified":"2024-09-18T11:36:01","modified_gmt":"2024-09-18T15:36:01","slug":"conference-de-linda-guerry-diviser-le-travail-le-bureau-international-du-travail-et-les-associations-de-protection-de-migrant-e-s-1921-1935","status":"publish","type":"post","link":"https:\/\/chrs.uqam.ca\/index.php\/2024\/09\/18\/conference-de-linda-guerry-diviser-le-travail-le-bureau-international-du-travail-et-les-associations-de-protection-de-migrant-e-s-1921-1935\/","title":{"rendered":"Conf\u00e9rence de Linda Guerry, <i>Diviser le travail: le Bureau international du travail et les associations de protection de migrant.e.s (1921-1935)<\/i>"},"content":{"rendered":"\n<p>Linda Guerry donnera une conf\u00e9rence \u00e0 l&rsquo;UQAM, <strong>mardi le 24 septembre \u00e0 16 h 30<\/strong>. Vous pouvez y assister en personne ou sur Zoom (sur inscription).<\/p>\n\n\n\n<p>Tous les d\u00e9tails sont sur l&rsquo;affiche ci-bas.<\/p>\n\n\n\n<figure class=\"wp-block-gallery has-nested-images columns-default is-cropped wp-block-gallery-1 is-layout-flex wp-block-gallery-is-layout-flex\">\n<figure class=\"wp-block-image size-large\"><img loading=\"lazy\" decoding=\"async\" width=\"663\" height=\"1024\" data-id=\"12293\" src=\"https:\/\/chrs.uqam.ca\/wp-content\/uploads\/2024\/09\/Confeerence-Linda-Guerry-1-663x1024.png\" alt=\"\" class=\"wp-image-12293\" srcset=\"https:\/\/chrs.uqam.ca\/wp-content\/uploads\/2024\/09\/Confeerence-Linda-Guerry-1-663x1024.png 663w, https:\/\/chrs.uqam.ca\/wp-content\/uploads\/2024\/09\/Confeerence-Linda-Guerry-1-194x300.png 194w, https:\/\/chrs.uqam.ca\/wp-content\/uploads\/2024\/09\/Confeerence-Linda-Guerry-1-768x1187.png 768w, https:\/\/chrs.uqam.ca\/wp-content\/uploads\/2024\/09\/Confeerence-Linda-Guerry-1-994x1536.png 994w, https:\/\/chrs.uqam.ca\/wp-content\/uploads\/2024\/09\/Confeerence-Linda-Guerry-1.png 1294w\" sizes=\"auto, (max-width: 663px) 100vw, 663px\" \/><\/figure>\n<\/figure>\n","protected":false},"excerpt":{"rendered":"<p>Linda Guerry donnera une conf\u00e9rence \u00e0 l&rsquo;UQAM, mardi le 24 septembre \u00e0 16 h 30. Vous pouvez y assister en personne ou sur Zoom (sur inscription). Tous les d\u00e9tails sont&#8230;<\/p>\n","protected":false},"author":11,"featured_media":12294,"comment_status":"closed","ping_status":"closed","sticky":false,"template":"","format":"standard","meta":{"_monsterinsights_skip_tracking":false,"_monsterinsights_sitenote_active":false,"_monsterinsights_sitenote_note":"","_monsterinsights_sitenote_category":0,"footnotes":""},"categories":[3,5],"tags":[],"class_list":["post-12291","post","type-post","status-publish","format-standard","has-post-thumbnail","hentry","category-actualites","category-colloques-et-conferences"],"_links":{"self":[{"href":"https:\/\/chrs.uqam.ca\/index.php\/wp-json\/wp\/v2\/posts\/12291","targetHints":{"allow":["GET"]}}],"collection":[{"href":"https:\/\/chrs.uqam.ca\/index.php\/wp-json\/wp\/v2\/posts"}],"about":[{"href":"https:\/\/chrs.uqam.ca\/index.php\/wp-json\/wp\/v2\/types\/post"}],"author":[{"embeddable":true,"href":"https:\/\/chrs.uqam.ca\/index.php\/wp-json\/wp\/v2\/users\/11"}],"replies":[{"embeddable":true,"href":"https:\/\/chrs.uqam.ca\/index.php\/wp-json\/wp\/v2\/comments?post=12291"}],"version-history":[{"count":1,"href":"https:\/\/chrs.uqam.ca\/index.php\/wp-json\/wp\/v2\/posts\/12291\/revisions"}],"predecessor-version":[{"id":12295,"href":"https:\/\/chrs.uqam.ca\/index.php\/wp-json\/wp\/v2\/posts\/12291\/revisions\/12295"}],"wp:featuredmedia":[{"embeddable":true,"href":"https:\/\/chrs.uqam.ca\/index.php\/wp-json\/wp\/v2\/media\/12294"}],"wp:attachment":[{"href":"https:\/\/chrs.uqam.ca\/index.php\/wp-json\/wp\/v2\/media?parent=12291"}],"wp:term":[{"taxonomy":"category","embeddable":true,"href":"https:\/\/chrs.uqam.ca\/index.php\/wp-json\/wp\/v2\/categories?post=12291"},{"taxonomy":"post_tag","embeddable":true,"href":"https:\/\/chrs.uqam.ca\/index.php\/wp-json\/wp\/v2\/tags?post=12291"}],"curies":[{"name":"wp","href":"https:\/\/api.w.org\/{rel}","templated":true}]}}