{"id":12289,"date":"2024-09-26T08:00:00","date_gmt":"2024-09-26T12:00:00","guid":{"rendered":"https:\/\/chrs.uqam.ca\/?p=12289"},"modified":"2024-09-18T11:19:53","modified_gmt":"2024-09-18T15:19:53","slug":"lancement-de-louvrage-collectif-family-and-justice-in-the-archives","status":"publish","type":"post","link":"https:\/\/chrs.uqam.ca\/index.php\/2024\/09\/26\/lancement-de-louvrage-collectif-family-and-justice-in-the-archives\/","title":{"rendered":"Lancement de l&rsquo;ouvrage collectif <i>Family and Justice in the Archives<\/i>"},"content":{"rendered":"\n<blockquote class=\"wp-block-quote is-layout-flow wp-block-quote-is-layout-flow\">\n<p><strong>10 octobre 2024, 16 h \u00e0 18 h<\/strong><br><strong>4TH SPACE, Universit\u00e9 Concordia<br>et sur Zoom<\/strong><\/p>\n\n\n\n<p>Les Presses de l\u2019Universit\u00e9 Concordia vous invitent au lancement\u00a0officiel de l\u2019ouvrage collectif<em>\u00a0<a href=\"https:\/\/www.concordia.ca\/press\/familyandjustice.html\" data-type=\"link\" data-id=\"https:\/\/www.concordia.ca\/press\/familyandjustice.html\" target=\"_blank\" rel=\"noreferrer noopener\">Family and Justice in the Archives: Historical Perspectives on Intimacy and the Law<\/a><\/em> (dir. Peter Gossage et Lisa Moore), paru en mai 2024. Cette collection d\u2019essais utilise des archives de proc\u00e9dures l\u00e9gales pour dresser un portrait de la vie quotidienne, et explorer l\u2019intimit\u00e9, de gens d\u2019identit\u00e9s et de v\u00e9cus vari\u00e9s.<\/p>\n\n\n\n<p>L&rsquo;\u00e9v\u00e9nement sera organis\u00e9 autour d\u2019une table ronde, anim\u00e9e par l&rsquo;historien du droit Eric Reiter, qui permettra d&rsquo;explorer les grandes th\u00e9matiques de l&rsquo;ouvrage. Pour les participants sur place, les \u00e9changes se poursuivront autour de rafra\u00eechissements. Il est \u00e9galement possible d&rsquo;y assister via Zoom.<\/p>\n\n\n\n<p>Pour de plus amples renseignements et pour vous inscrire, vous pouvez consulter <a href=\"https:\/\/www.concordia.ca\/cuevents\/offices\/provost\/fourth-space\/programming\/2024\/10\/10\/family-and-justice-in-the-archives.html\" data-type=\"link\" data-id=\"https:\/\/www.concordia.ca\/cuevents\/offices\/provost\/fourth-space\/programming\/2024\/10\/10\/family-and-justice-in-the-archives.html\" target=\"_blank\" rel=\"noreferrer noopener\">la page de l&rsquo;\u00e9v\u00e9nement<\/a>.<\/p>\n<\/blockquote>\n\n\n\n<p><\/p>\n","protected":false},"excerpt":{"rendered":"<p>10 octobre 2024, 16 h \u00e0 18 h4TH SPACE, Universit\u00e9 Concordiaet sur Zoom Les Presses de l\u2019Universit\u00e9 Concordia vous invitent au lancement\u00a0officiel de l\u2019ouvrage collectif\u00a0Family and Justice in the Archives:&#8230;<\/p>\n","protected":false},"author":11,"featured_media":12232,"comment_status":"closed","ping_status":"closed","sticky":false,"template":"","format":"standard","meta":{"_monsterinsights_skip_tracking":false,"_monsterinsights_sitenote_active":false,"_monsterinsights_sitenote_note":"","_monsterinsights_sitenote_category":0,"footnotes":""},"categories":[3],"tags":[12],"class_list":["post-12289","post","type-post","status-publish","format-standard","has-post-thumbnail","hentry","category-actualites","tag-peter-gossage"],"_links":{"self":[{"href":"https:\/\/chrs.uqam.ca\/index.php\/wp-json\/wp\/v2\/posts\/12289","targetHints":{"allow":["GET"]}}],"collection":[{"href":"https:\/\/chrs.uqam.ca\/index.php\/wp-json\/wp\/v2\/posts"}],"about":[{"href":"https:\/\/chrs.uqam.ca\/index.php\/wp-json\/wp\/v2\/types\/post"}],"author":[{"embeddable":true,"href":"https:\/\/chrs.uqam.ca\/index.php\/wp-json\/wp\/v2\/users\/11"}],"replies":[{"embeddable":true,"href":"https:\/\/chrs.uqam.ca\/index.php\/wp-json\/wp\/v2\/comments?post=12289"}],"version-history":[{"count":1,"href":"https:\/\/chrs.uqam.ca\/index.php\/wp-json\/wp\/v2\/posts\/12289\/revisions"}],"predecessor-version":[{"id":12290,"href":"https:\/\/chrs.uqam.ca\/index.php\/wp-json\/wp\/v2\/posts\/12289\/revisions\/12290"}],"wp:featuredmedia":[{"embeddable":true,"href":"https:\/\/chrs.uqam.ca\/index.php\/wp-json\/wp\/v2\/media\/12232"}],"wp:attachment":[{"href":"https:\/\/chrs.uqam.ca\/index.php\/wp-json\/wp\/v2\/media?parent=12289"}],"wp:term":[{"taxonomy":"category","embeddable":true,"href":"https:\/\/chrs.uqam.ca\/index.php\/wp-json\/wp\/v2\/categories?post=12289"},{"taxonomy":"post_tag","embeddable":true,"href":"https:\/\/chrs.uqam.ca\/index.php\/wp-json\/wp\/v2\/tags?post=12289"}],"curies":[{"name":"wp","href":"https:\/\/api.w.org\/{rel}","templated":true}]}}