{"id":12190,"date":"2024-05-09T12:08:39","date_gmt":"2024-05-09T16:08:39","guid":{"rendered":"https:\/\/chrs.uqam.ca\/?p=12190"},"modified":"2024-05-09T12:08:43","modified_gmt":"2024-05-09T16:08:43","slug":"des-membres-du-chrs-signent-une-lettre-dopinion-sur-le-projet-de-musee-national-quebecois","status":"publish","type":"post","link":"https:\/\/chrs.uqam.ca\/index.php\/2024\/05\/09\/des-membres-du-chrs-signent-une-lettre-dopinion-sur-le-projet-de-musee-national-quebecois\/","title":{"rendered":"Des membres du CHRS signent une lettre d&rsquo;opinion sur le projet de Mus\u00e9e national qu\u00e9b\u00e9cois"},"content":{"rendered":"\n<p>Catherine Larochelle et Camille Robert, toutes deux membres du CHRS, ont publi\u00e9 dans <em>La Presse <\/em><a href=\"https:\/\/www.lapresse.ca\/dialogue\/opinions\/2024-05-02\/musee-national-de-l-histoire-du-quebec\/les-risques-d-un-retour-au-recit-national.php\" data-type=\"link\" data-id=\"https:\/\/www.lapresse.ca\/dialogue\/opinions\/2024-05-02\/musee-national-de-l-histoire-du-quebec\/les-risques-d-un-retour-au-recit-national.php\" target=\"_blank\" rel=\"noreferrer noopener\">\u00ab Les risques d\u2019un retour au &lsquo;r\u00e9cit national&rsquo; \u00bb<\/a>, en r\u00e9ponse \u00e0 l&rsquo;annonce par Fran\u00e7ois Legault de la cr\u00e9ation d&rsquo;un Mus\u00e9e national de l&rsquo;histoire du Qu\u00e9bec.<\/p>\n\n\n\n<p>Le 25 avril, le gouvernement qu\u00e9b\u00e9cois a annonc\u00e9 <a href=\"https:\/\/www.lapresse.ca\/arts\/2024-04-25\/quebec\/un-musee-national-d-histoire-sur-les-cendres-des-espaces-bleus.php\" data-type=\"link\" data-id=\"https:\/\/www.lapresse.ca\/arts\/2024-04-25\/quebec\/un-musee-national-d-histoire-sur-les-cendres-des-espaces-bleus.php\" target=\"_blank\" rel=\"noreferrer noopener\">son projet de mus\u00e9e national<\/a>, qui remplacera l&rsquo;Espace bleu de Qu\u00e9bec. Le mus\u00e9e viserait \u00e0 attiser la fiert\u00e9 qu\u00e9b\u00e9coise \u00e0 travers la c\u00e9l\u00e9bration \u00ab\u00a0d&rsquo;un peuple de langue et de culture fran\u00e7aises\u00a0\u00bb et de son histoire, en commen\u00e7ant \u00e0 l&rsquo;arriv\u00e9e de Champlain.<\/p>\n\n\n\n<p>La lettre d&rsquo;opinion des deux historiennes, appuy\u00e9e par plus de 30 cosignataires, s&rsquo;inqui\u00e8te des motivations politiques derri\u00e8re ce projet et du r\u00e9cit historique qui sera mis de l&rsquo;avant. Notamment, les autrices questionnent la d\u00e9marche voulant utiliser l&rsquo;histoire pour susciter la fiert\u00e9 nationale.<\/p>\n\n\n\n<p><em>\u00ab Nous pensons, pour notre part, que l\u2019histoire peut nous apprendre \u00e0 vivre collectivement. Pas en raison d\u2019une admiration des anc\u00eatres, mais gr\u00e2ce \u00e0 la meilleure compr\u00e9hension qu\u2019elle offre des soci\u00e9t\u00e9s humaines, de ce qui les fonde, les travaille et les distingue. Or, la soci\u00e9t\u00e9 qu\u00e9b\u00e9coise est issue de nombreux endroits, non d\u2019un seul. Si on veut que l\u2019histoire favorise notre compr\u00e9hension du pr\u00e9sent, il faut mettre en lumi\u00e8re cette pluralit\u00e9 d\u2019exp\u00e9riences et de trajectoires. \u00bb<\/em><\/p>\n\n\n\n<p>Martin Petitclerc, directeur du CHRS, ainsi que nos membres Aline Charles, Rania Iraqi et Benoit Marsan, font partie de 34 cosignataires de la lettre.<\/p>\n","protected":false},"excerpt":{"rendered":"<p>Catherine Larochelle et Camille Robert, toutes deux membres du CHRS, ont publi\u00e9 dans La Presse \u00ab Les risques d\u2019un retour au &lsquo;r\u00e9cit national&rsquo; \u00bb, en r\u00e9ponse \u00e0 l&rsquo;annonce par Fran\u00e7ois&#8230;<\/p>\n","protected":false},"author":11,"featured_media":2348,"comment_status":"closed","ping_status":"closed","sticky":false,"template":"","format":"standard","meta":{"_monsterinsights_skip_tracking":false,"_monsterinsights_sitenote_active":false,"_monsterinsights_sitenote_note":"","_monsterinsights_sitenote_category":0,"footnotes":""},"categories":[3],"tags":[28,43],"class_list":["post-12190","post","type-post","status-publish","format-standard","has-post-thumbnail","hentry","category-actualites","tag-camille-robert","tag-catherine-larochelle"],"_links":{"self":[{"href":"https:\/\/chrs.uqam.ca\/index.php\/wp-json\/wp\/v2\/posts\/12190","targetHints":{"allow":["GET"]}}],"collection":[{"href":"https:\/\/chrs.uqam.ca\/index.php\/wp-json\/wp\/v2\/posts"}],"about":[{"href":"https:\/\/chrs.uqam.ca\/index.php\/wp-json\/wp\/v2\/types\/post"}],"author":[{"embeddable":true,"href":"https:\/\/chrs.uqam.ca\/index.php\/wp-json\/wp\/v2\/users\/11"}],"replies":[{"embeddable":true,"href":"https:\/\/chrs.uqam.ca\/index.php\/wp-json\/wp\/v2\/comments?post=12190"}],"version-history":[{"count":1,"href":"https:\/\/chrs.uqam.ca\/index.php\/wp-json\/wp\/v2\/posts\/12190\/revisions"}],"predecessor-version":[{"id":12191,"href":"https:\/\/chrs.uqam.ca\/index.php\/wp-json\/wp\/v2\/posts\/12190\/revisions\/12191"}],"wp:featuredmedia":[{"embeddable":true,"href":"https:\/\/chrs.uqam.ca\/index.php\/wp-json\/wp\/v2\/media\/2348"}],"wp:attachment":[{"href":"https:\/\/chrs.uqam.ca\/index.php\/wp-json\/wp\/v2\/media?parent=12190"}],"wp:term":[{"taxonomy":"category","embeddable":true,"href":"https:\/\/chrs.uqam.ca\/index.php\/wp-json\/wp\/v2\/categories?post=12190"},{"taxonomy":"post_tag","embeddable":true,"href":"https:\/\/chrs.uqam.ca\/index.php\/wp-json\/wp\/v2\/tags?post=12190"}],"curies":[{"name":"wp","href":"https:\/\/api.w.org\/{rel}","templated":true}]}}