{"id":12151,"date":"2024-04-10T16:43:02","date_gmt":"2024-04-10T20:43:02","guid":{"rendered":"https:\/\/chrs.uqam.ca\/?p=12151"},"modified":"2024-04-10T18:20:16","modified_gmt":"2024-04-10T22:20:16","slug":"ollivier-hubert-signe-un-chapitre-dans-latlas-du-cieq-emlecole-au-quebec-em","status":"publish","type":"post","link":"https:\/\/chrs.uqam.ca\/index.php\/2024\/04\/10\/ollivier-hubert-signe-un-chapitre-dans-latlas-du-cieq-emlecole-au-quebec-em\/","title":{"rendered":"Ollivier Hubert signe un chapitre dans l&rsquo;Atlas du CIEQ <em>L&rsquo;\u00e9cole au Qu\u00e9bec<\/em>"},"content":{"rendered":"\n<p><a href=\"https:\/\/atlas.cieq.ca\/apropos.html\" data-type=\"link\" data-id=\"https:\/\/atlas.cieq.ca\/apropos.html\" target=\"_blank\" rel=\"noreferrer noopener\">L&rsquo;Atlas historique du Qu\u00e9bec<\/a> est une collection de textes et d&rsquo;ouvrages de synth\u00e8se publi\u00e9s par le CIEQ, articul\u00e9e autour de grands \u00ab\u00a0chantiers th\u00e9matiques\u00a0\u00bb. Le plus r\u00e9cent ouvrage de la collection est <a href=\"https:\/\/www.pulaval.com\/livres\/atlas-historique-du-quebec-l-ecole-au-quebec-education-identites-et-cultures\" data-type=\"link\" data-id=\"https:\/\/www.pulaval.com\/livres\/atlas-historique-du-quebec-l-ecole-au-quebec-education-identites-et-cultures\" target=\"_blank\" rel=\"noreferrer noopener\">L&rsquo;\u00e9cole au Qu\u00e9bec<\/a>, publi\u00e9 aux Presses de l&rsquo;Universit\u00e9 Laval en 2023.<\/p>\n\n\n\n<p>L&rsquo;ouvrage collectif r\u00e9unissant 27 auteur.rice.s dresse un portrait des structures et pratiques \u00e9ducatives ainsi que des grandes mutations qu&rsquo;a connues l&rsquo;\u00e9cole qu\u00e9b\u00e9coise du 17e si\u00e8cle aux ann\u00e9es 1960. Ollivier Hubert, chercheur membre du CHRS, a sign\u00e9 le chapitre \u00ab\u00a0Coll\u00e8ges classiques et culture masculine, XVIIe-XXe si\u00e8cles\u00a0\u00bb. Thierry Nootens, \u00e9galement membre de notre \u00e9quipe, a aussi co-sign\u00e9 l&rsquo;avant-propos.<\/p>\n","protected":false},"excerpt":{"rendered":"<p>L&rsquo;Atlas historique du Qu\u00e9bec est une collection de textes et d&rsquo;ouvrages de synth\u00e8se publi\u00e9s par le CIEQ, articul\u00e9e autour de grands \u00ab\u00a0chantiers th\u00e9matiques\u00a0\u00bb. Le plus r\u00e9cent ouvrage de la collection&#8230;<\/p>\n","protected":false},"author":11,"featured_media":12152,"comment_status":"closed","ping_status":"closed","sticky":false,"template":"","format":"standard","meta":{"_monsterinsights_skip_tracking":false,"_monsterinsights_sitenote_active":false,"_monsterinsights_sitenote_note":"","_monsterinsights_sitenote_category":0,"footnotes":""},"categories":[3,11],"tags":[63,16],"class_list":["post-12151","post","type-post","status-publish","format-standard","has-post-thumbnail","hentry","category-actualites","category-publications","tag-ollivier-hubert","tag-thierry-nootens"],"_links":{"self":[{"href":"https:\/\/chrs.uqam.ca\/index.php\/wp-json\/wp\/v2\/posts\/12151","targetHints":{"allow":["GET"]}}],"collection":[{"href":"https:\/\/chrs.uqam.ca\/index.php\/wp-json\/wp\/v2\/posts"}],"about":[{"href":"https:\/\/chrs.uqam.ca\/index.php\/wp-json\/wp\/v2\/types\/post"}],"author":[{"embeddable":true,"href":"https:\/\/chrs.uqam.ca\/index.php\/wp-json\/wp\/v2\/users\/11"}],"replies":[{"embeddable":true,"href":"https:\/\/chrs.uqam.ca\/index.php\/wp-json\/wp\/v2\/comments?post=12151"}],"version-history":[{"count":6,"href":"https:\/\/chrs.uqam.ca\/index.php\/wp-json\/wp\/v2\/posts\/12151\/revisions"}],"predecessor-version":[{"id":12159,"href":"https:\/\/chrs.uqam.ca\/index.php\/wp-json\/wp\/v2\/posts\/12151\/revisions\/12159"}],"wp:featuredmedia":[{"embeddable":true,"href":"https:\/\/chrs.uqam.ca\/index.php\/wp-json\/wp\/v2\/media\/12152"}],"wp:attachment":[{"href":"https:\/\/chrs.uqam.ca\/index.php\/wp-json\/wp\/v2\/media?parent=12151"}],"wp:term":[{"taxonomy":"category","embeddable":true,"href":"https:\/\/chrs.uqam.ca\/index.php\/wp-json\/wp\/v2\/categories?post=12151"},{"taxonomy":"post_tag","embeddable":true,"href":"https:\/\/chrs.uqam.ca\/index.php\/wp-json\/wp\/v2\/tags?post=12151"}],"curies":[{"name":"wp","href":"https:\/\/api.w.org\/{rel}","templated":true}]}}