{"id":11731,"date":"2024-02-13T11:57:31","date_gmt":"2024-02-13T15:57:31","guid":{"rendered":"https:\/\/chrs.uqam.ca\/?p=11731"},"modified":"2024-02-20T17:21:51","modified_gmt":"2024-02-20T21:21:51","slug":"louise-lainesse-participe-a-la-journee-detude-metz-sherbrooke","status":"publish","type":"post","link":"https:\/\/chrs.uqam.ca\/index.php\/2024\/02\/13\/louise-lainesse-participe-a-la-journee-detude-metz-sherbrooke\/","title":{"rendered":"Louise Lainesse participe \u00e0 la journ\u00e9e d&rsquo;\u00e9tude Metz-Sherbrooke"},"content":{"rendered":"\n<p>Le journ\u00e9e d&rsquo;\u00e9tude Metz-Qu\u00e9bec est une occasion de revitaliser la collaboration France-Qu\u00e9bec en recherche historique. Les historiens Beno\u00eet Grenier, J\u00e9r\u00f4me-Luther Viret et Rapha\u00ebl Bergeron-Gauthier ont mis sur pied ce programme de trois phases tournant autour des axes universitaires Metz-Sherbrooke. Cette \u00e9dition, qui se tiendra le 22 mars 2024 \u00e0 l&rsquo;Universit\u00e9 de Sherbrooke, a pour th\u00e8me \u00ab\u00a0Famille, transmission, repr\u00e9sentation&nbsp;: sources, m\u00e9thodes et perspectives de recherches&nbsp;&#8211; France\/Qu\u00e9bec\u00a0\u00bb.<\/p>\n\n\n\n<p>Louise Lainesse, candidate au doctorat \u00e0 l&rsquo;Universit\u00e9 de Montr\u00e9al et membre \u00e9tudiante du CHRS, donnera une pr\u00e9sentation intitul\u00e9e \u00ab Pleurer et se souvenir des siens : la famille en tant que communaut\u00e9 d\u2019endeuill\u00e9s (Qu\u00e9bec, fin XIXe si\u00e8cle) \u00bb.<\/p>\n\n\n\n<p>Vous trouverez le programme complet <a href=\"https:\/\/mcusercontent.com\/cfc70f90a5e5a3e6896584a99\/files\/4db2da4b-aba1-f875-fae4-cf6f649658ce\/Programmation_journe_e_d_e_tude_Metz_Sherbrooke_22_mars_2024.pdf\" data-type=\"link\" data-id=\"https:\/\/mcusercontent.com\/cfc70f90a5e5a3e6896584a99\/files\/4db2da4b-aba1-f875-fae4-cf6f649658ce\/Programmation_journe_e_d_e_tude_Metz_Sherbrooke_22_mars_2024.pdf\" target=\"_blank\" rel=\"noreferrer noopener\">ici<\/a>.<\/p>\n","protected":false},"excerpt":{"rendered":"<p>Le journ\u00e9e d&rsquo;\u00e9tude Metz-Qu\u00e9bec est une occasion de revitaliser la collaboration France-Qu\u00e9bec en recherche historique. Les historiens Beno\u00eet Grenier, J\u00e9r\u00f4me-Luther Viret et Rapha\u00ebl Bergeron-Gauthier ont mis sur pied ce programme&#8230;<\/p>\n","protected":false},"author":11,"featured_media":5269,"comment_status":"closed","ping_status":"closed","sticky":false,"template":"","format":"standard","meta":{"_monsterinsights_skip_tracking":false,"_monsterinsights_sitenote_active":false,"_monsterinsights_sitenote_note":"","_monsterinsights_sitenote_category":0,"footnotes":""},"categories":[3,5],"tags":[574],"class_list":["post-11731","post","type-post","status-publish","format-standard","has-post-thumbnail","hentry","category-actualites","category-colloques-et-conferences","tag-louise-lainesse"],"_links":{"self":[{"href":"https:\/\/chrs.uqam.ca\/index.php\/wp-json\/wp\/v2\/posts\/11731","targetHints":{"allow":["GET"]}}],"collection":[{"href":"https:\/\/chrs.uqam.ca\/index.php\/wp-json\/wp\/v2\/posts"}],"about":[{"href":"https:\/\/chrs.uqam.ca\/index.php\/wp-json\/wp\/v2\/types\/post"}],"author":[{"embeddable":true,"href":"https:\/\/chrs.uqam.ca\/index.php\/wp-json\/wp\/v2\/users\/11"}],"replies":[{"embeddable":true,"href":"https:\/\/chrs.uqam.ca\/index.php\/wp-json\/wp\/v2\/comments?post=11731"}],"version-history":[{"count":4,"href":"https:\/\/chrs.uqam.ca\/index.php\/wp-json\/wp\/v2\/posts\/11731\/revisions"}],"predecessor-version":[{"id":11931,"href":"https:\/\/chrs.uqam.ca\/index.php\/wp-json\/wp\/v2\/posts\/11731\/revisions\/11931"}],"wp:featuredmedia":[{"embeddable":true,"href":"https:\/\/chrs.uqam.ca\/index.php\/wp-json\/wp\/v2\/media\/5269"}],"wp:attachment":[{"href":"https:\/\/chrs.uqam.ca\/index.php\/wp-json\/wp\/v2\/media?parent=11731"}],"wp:term":[{"taxonomy":"category","embeddable":true,"href":"https:\/\/chrs.uqam.ca\/index.php\/wp-json\/wp\/v2\/categories?post=11731"},{"taxonomy":"post_tag","embeddable":true,"href":"https:\/\/chrs.uqam.ca\/index.php\/wp-json\/wp\/v2\/tags?post=11731"}],"curies":[{"name":"wp","href":"https:\/\/api.w.org\/{rel}","templated":true}]}}