{"id":11721,"date":"2024-02-07T15:26:30","date_gmt":"2024-02-07T19:26:30","guid":{"rendered":"https:\/\/chrs.uqam.ca\/?p=11721"},"modified":"2024-04-26T14:44:10","modified_gmt":"2024-04-26T18:44:10","slug":"atelier-pratique-et-theorique-familles-biopolitique-et-gouvernementalite","status":"publish","type":"post","link":"https:\/\/chrs.uqam.ca\/index.php\/2024\/02\/07\/atelier-pratique-et-theorique-familles-biopolitique-et-gouvernementalite\/","title":{"rendered":"Atelier pratique et th\u00e9orique: Familles, biopolitique et gouvernementalit\u00e9"},"content":{"rendered":"\n<p><strong>Mercredi 28 f\u00e9vrier 2024, 12h30 \u00e0 14h<\/strong><br><strong>Local A-6290 ou Zoom<\/strong><\/p>\n\n\n\n<p>Le 28 f\u00e9vrier prochain, Sandrine Labelle et Cory Verbauwhede, membres \u00e9tudiant.e.s du CHRS, animeront \u00e0 l&rsquo;UQAM un atelier ayant pour th\u00e8me \u00ab\u00a0Familles, biopolitique et gouvernementalit\u00e9\u00a0\u00bb. Tous les d\u00e9tails sont sur l&rsquo;affiche ci-dessous.<\/p>\n\n\n<div class=\"wp-block-image\">\n<figure class=\"aligncenter size-large\"><img decoding=\"async\" src=\"https:\/\/chrs.uqam.ca\/wp-content\/uploads\/2024\/02\/ATELIER_source_famille_2024-02-28-663x1024.png\" alt=\"\" class=\"wp-image-11722\"\/><\/figure>\n<\/div>","protected":false},"excerpt":{"rendered":"<p>Mercredi 28 f\u00e9vrier 2024, 12h30 \u00e0 14hLocal A-6290 ou Zoom Le 28 f\u00e9vrier prochain, Sandrine Labelle et Cory Verbauwhede, membres \u00e9tudiant.e.s du CHRS, animeront \u00e0 l&rsquo;UQAM un atelier ayant pour&#8230;<\/p>\n","protected":false},"author":11,"featured_media":11722,"comment_status":"closed","ping_status":"closed","sticky":false,"template":"","format":"standard","meta":{"_monsterinsights_skip_tracking":false,"_monsterinsights_sitenote_active":false,"_monsterinsights_sitenote_note":"","_monsterinsights_sitenote_category":0,"footnotes":""},"categories":[569],"tags":[30,576],"class_list":["post-11721","post","type-post","status-publish","format-standard","has-post-thumbnail","hentry","category-activites-scientifiques-chrs","tag-cory-verbauwhede","tag-sandrine-labelle"],"_links":{"self":[{"href":"https:\/\/chrs.uqam.ca\/index.php\/wp-json\/wp\/v2\/posts\/11721","targetHints":{"allow":["GET"]}}],"collection":[{"href":"https:\/\/chrs.uqam.ca\/index.php\/wp-json\/wp\/v2\/posts"}],"about":[{"href":"https:\/\/chrs.uqam.ca\/index.php\/wp-json\/wp\/v2\/types\/post"}],"author":[{"embeddable":true,"href":"https:\/\/chrs.uqam.ca\/index.php\/wp-json\/wp\/v2\/users\/11"}],"replies":[{"embeddable":true,"href":"https:\/\/chrs.uqam.ca\/index.php\/wp-json\/wp\/v2\/comments?post=11721"}],"version-history":[{"count":4,"href":"https:\/\/chrs.uqam.ca\/index.php\/wp-json\/wp\/v2\/posts\/11721\/revisions"}],"predecessor-version":[{"id":12176,"href":"https:\/\/chrs.uqam.ca\/index.php\/wp-json\/wp\/v2\/posts\/11721\/revisions\/12176"}],"wp:featuredmedia":[{"embeddable":true,"href":"https:\/\/chrs.uqam.ca\/index.php\/wp-json\/wp\/v2\/media\/11722"}],"wp:attachment":[{"href":"https:\/\/chrs.uqam.ca\/index.php\/wp-json\/wp\/v2\/media?parent=11721"}],"wp:term":[{"taxonomy":"category","embeddable":true,"href":"https:\/\/chrs.uqam.ca\/index.php\/wp-json\/wp\/v2\/categories?post=11721"},{"taxonomy":"post_tag","embeddable":true,"href":"https:\/\/chrs.uqam.ca\/index.php\/wp-json\/wp\/v2\/tags?post=11721"}],"curies":[{"name":"wp","href":"https:\/\/api.w.org\/{rel}","templated":true}]}}